{"id":1849,"date":"2016-12-06T13:00:12","date_gmt":"2016-12-06T12:00:12","guid":{"rendered":"http:\/\/www.fotointern.ch\/?p=132818"},"modified":"2016-12-06T13:00:12","modified_gmt":"2016-12-06T12:00:12","slug":"die-anmeldefrist-fuer-die-sony-world-photography-awards-2017-endet-bald","status":"publish","type":"post","link":"http:\/\/feedproxy.google.com\/~r\/fotointern\/~3\/BgPFCpdVRkg\/","title":{"rendered":"Die Anmeldefrist f\u00fcr die Sony World Photography Awards 2017 endet bald"},"content":{"rendered":"<p>In rund einem Monat l\u00e4uft die Teilnahmefrist f\u00fcr den Sony World Photography Award ab. Noch bis zum 5. Januar 2017 k\u00f6nnen Fotos f\u00fcr den Offenen und Jugendwettbewerb eingereicht werden. Bis zum 10. Januar 2017 stehen Profifotografen die Professional Kategorien offen. Die Bilder der Finalisten werden vom 21. April bis 7. Mai 2017 im Somerset House [&#8230;]<img loading=\"lazy\" decoding=\"async\" src=\"http:\/\/feeds.feedburner.com\/~r\/fotointern\/~4\/BgPFCpdVRkg\" height=\"1\" width=\"1\" alt=\"\"\/> <\/p>\n","protected":false},"excerpt":{"rendered":"<p>In rund einem Monat l\u00e4uft die Teilnahmefrist f\u00fcr den Sony World Photography Award ab. Noch bis zum 5. Januar 2017 k\u00f6nnen Fotos f\u00fcr den Offenen und Jugendwettbewerb eingereicht werden. Bis zum 10. Januar 2017 stehen Profifotografen die Professional Kategorien offen. Die Bilder der Finalisten werden vom 21. April bis 7. Mai 2017 im Somerset House [&#8230;]<img loading=\"lazy\" decoding=\"async\" src=\"http:\/\/feeds.feedburner.com\/~r\/fotointern\/~4\/BgPFCpdVRkg\" height=\"1\" width=\"1\" alt=\"\"\/> <\/p>\n","protected":false},"author":1,"featured_media":0,"comment_status":"open","ping_status":"closed","sticky":false,"template":"","format":"standard","meta":{"_exactmetrics_skip_tracking":false,"_exactmetrics_sitenote_active":false,"_exactmetrics_sitenote_note":"","_exactmetrics_sitenote_category":0,"footnotes":""},"categories":[9],"tags":[],"class_list":["post-1849","post","type-post","status-publish","format-standard","hentry","category-foto-news-extern"],"_links":{"self":[{"href":"https:\/\/waelty.ch\/cm\/index.php?rest_route=\/wp\/v2\/posts\/1849","targetHints":{"allow":["GET"]}}],"collection":[{"href":"https:\/\/waelty.ch\/cm\/index.php?rest_route=\/wp\/v2\/posts"}],"about":[{"href":"https:\/\/waelty.ch\/cm\/index.php?rest_route=\/wp\/v2\/types\/post"}],"author":[{"embeddable":true,"href":"https:\/\/waelty.ch\/cm\/index.php?rest_route=\/wp\/v2\/users\/1"}],"replies":[{"embeddable":true,"href":"https:\/\/waelty.ch\/cm\/index.php?rest_route=%2Fwp%2Fv2%2Fcomments&post=1849"}],"version-history":[{"count":0,"href":"https:\/\/waelty.ch\/cm\/index.php?rest_route=\/wp\/v2\/posts\/1849\/revisions"}],"wp:attachment":[{"href":"https:\/\/waelty.ch\/cm\/index.php?rest_route=%2Fwp%2Fv2%2Fmedia&parent=1849"}],"wp:term":[{"taxonomy":"category","embeddable":true,"href":"https:\/\/waelty.ch\/cm\/index.php?rest_route=%2Fwp%2Fv2%2Fcategories&post=1849"},{"taxonomy":"post_tag","embeddable":true,"href":"https:\/\/waelty.ch\/cm\/index.php?rest_route=%2Fwp%2Fv2%2Ftags&post=1849"}],"curies":[{"name":"wp","href":"https:\/\/api.w.org\/{rel}","templated":true}]}}