{"id":1844,"date":"2016-12-05T13:11:03","date_gmt":"2016-12-05T12:11:03","guid":{"rendered":"http:\/\/www.fotointern.ch\/?p=132776"},"modified":"2016-12-05T13:11:03","modified_gmt":"2016-12-05T12:11:03","slug":"benq-sw320-color-management-display-mit-4k-und-hdr-fuer-fotografen","status":"publish","type":"post","link":"http:\/\/feedproxy.google.com\/~r\/fotointern\/~3\/HeOA2TTlR-o\/","title":{"rendered":"BenQ SW320 \u2013 Color Management Display mit 4K und HDR f\u00fcr Fotografen"},"content":{"rendered":"<p>BenQ stellt mit dem SW320 einen Profi-Monitor mit einer 4K UHD-Aufl\u00f6sung mit 3840 x 2160 Pixeln im 16:9-Format, HDR10 (High Dynamic Range) und einer hohen Farbgenauigkeit speziell f\u00fcr Fotografen vor. Das Profi-Display SW320 wartet mit einer Bildschirmdiagonale von 80,01 cm\/31,5 Zoll, einer Helligkeit von 350 cd\/m\u00b2 und einem dynamischen Kontrastverh\u00e4ltnis von 20 Millionen :1 auf. [&#8230;]<img loading=\"lazy\" decoding=\"async\" src=\"http:\/\/feeds.feedburner.com\/~r\/fotointern\/~4\/HeOA2TTlR-o\" height=\"1\" width=\"1\" alt=\"\"\/> <\/p>\n","protected":false},"excerpt":{"rendered":"<p>BenQ stellt mit dem SW320 einen Profi-Monitor mit einer 4K UHD-Aufl\u00f6sung mit 3840 x 2160 Pixeln im 16:9-Format, HDR10 (High Dynamic Range) und einer hohen Farbgenauigkeit speziell f\u00fcr Fotografen vor. Das Profi-Display SW320 wartet mit einer Bildschirmdiagonale von 80,01 cm\/31,5 Zoll, einer Helligkeit von 350 cd\/m\u00b2 und einem dynamischen Kontrastverh\u00e4ltnis von 20 Millionen :1 auf. [&#8230;]<img loading=\"lazy\" decoding=\"async\" src=\"http:\/\/feeds.feedburner.com\/~r\/fotointern\/~4\/HeOA2TTlR-o\" height=\"1\" width=\"1\" alt=\"\"\/> <\/p>\n","protected":false},"author":1,"featured_media":0,"comment_status":"open","ping_status":"closed","sticky":false,"template":"","format":"standard","meta":{"_exactmetrics_skip_tracking":false,"_exactmetrics_sitenote_active":false,"_exactmetrics_sitenote_note":"","_exactmetrics_sitenote_category":0,"footnotes":""},"categories":[9],"tags":[],"class_list":["post-1844","post","type-post","status-publish","format-standard","hentry","category-foto-news-extern"],"_links":{"self":[{"href":"https:\/\/waelty.ch\/cm\/index.php?rest_route=\/wp\/v2\/posts\/1844","targetHints":{"allow":["GET"]}}],"collection":[{"href":"https:\/\/waelty.ch\/cm\/index.php?rest_route=\/wp\/v2\/posts"}],"about":[{"href":"https:\/\/waelty.ch\/cm\/index.php?rest_route=\/wp\/v2\/types\/post"}],"author":[{"embeddable":true,"href":"https:\/\/waelty.ch\/cm\/index.php?rest_route=\/wp\/v2\/users\/1"}],"replies":[{"embeddable":true,"href":"https:\/\/waelty.ch\/cm\/index.php?rest_route=%2Fwp%2Fv2%2Fcomments&post=1844"}],"version-history":[{"count":0,"href":"https:\/\/waelty.ch\/cm\/index.php?rest_route=\/wp\/v2\/posts\/1844\/revisions"}],"wp:attachment":[{"href":"https:\/\/waelty.ch\/cm\/index.php?rest_route=%2Fwp%2Fv2%2Fmedia&parent=1844"}],"wp:term":[{"taxonomy":"category","embeddable":true,"href":"https:\/\/waelty.ch\/cm\/index.php?rest_route=%2Fwp%2Fv2%2Fcategories&post=1844"},{"taxonomy":"post_tag","embeddable":true,"href":"https:\/\/waelty.ch\/cm\/index.php?rest_route=%2Fwp%2Fv2%2Ftags&post=1844"}],"curies":[{"name":"wp","href":"https:\/\/api.w.org\/{rel}","templated":true}]}}