{"id":1839,"date":"2016-12-04T07:00:40","date_gmt":"2016-12-04T06:00:40","guid":{"rendered":"http:\/\/www.fotointern.ch\/?p=132718"},"modified":"2016-12-04T07:00:40","modified_gmt":"2016-12-04T06:00:40","slug":"annelise-kretschmer-eine-vergessene-meisterfotografin","status":"publish","type":"post","link":"http:\/\/feedproxy.google.com\/~r\/fotointern\/~3\/7Zt0Hoe8SxU\/","title":{"rendered":"Annelise Kretschmer \u2013 eine vergessene Meisterfotografin"},"content":{"rendered":"<p>Parallel zum Festival der Internationalen Photoszene 2016 und zeitgleich mit der Photokina er\u00f6ffnete das K\u00e4the Kollwitz Museum K\u00f6ln die Ausstellung \u00abAnnelise Kretschmer \u2013 Entdeckungen, Photographien 1922\u20131975\u00bb. Aufgrund der hohen Resonanz wurde diese nun bis 8. Januar 2017 verl\u00e4ngert. Wer war Annelise Kretschmer? &#160; Dem Journalisten und Kuratoren Thomas Linden war die Fotografin Annelise Kretschmer v\u00f6llig [&#8230;]<img loading=\"lazy\" decoding=\"async\" src=\"http:\/\/feeds.feedburner.com\/~r\/fotointern\/~4\/7Zt0Hoe8SxU\" height=\"1\" width=\"1\" alt=\"\"\/> <\/p>\n","protected":false},"excerpt":{"rendered":"<p>Parallel zum Festival der Internationalen Photoszene 2016 und zeitgleich mit der Photokina er\u00f6ffnete das K\u00e4the Kollwitz Museum K\u00f6ln die Ausstellung \u00abAnnelise Kretschmer \u2013 Entdeckungen, Photographien 1922\u20131975\u00bb. Aufgrund der hohen Resonanz wurde diese nun bis 8. Januar 2017 verl\u00e4ngert. Wer war Annelise Kretschmer? &#160; Dem Journalisten und Kuratoren Thomas Linden war die Fotografin Annelise Kretschmer v\u00f6llig [&#8230;]<img loading=\"lazy\" decoding=\"async\" src=\"http:\/\/feeds.feedburner.com\/~r\/fotointern\/~4\/7Zt0Hoe8SxU\" height=\"1\" width=\"1\" alt=\"\"\/> <\/p>\n","protected":false},"author":1,"featured_media":0,"comment_status":"open","ping_status":"closed","sticky":false,"template":"","format":"standard","meta":{"_exactmetrics_skip_tracking":false,"_exactmetrics_sitenote_active":false,"_exactmetrics_sitenote_note":"","_exactmetrics_sitenote_category":0,"footnotes":""},"categories":[9],"tags":[],"class_list":["post-1839","post","type-post","status-publish","format-standard","hentry","category-foto-news-extern"],"_links":{"self":[{"href":"https:\/\/waelty.ch\/cm\/index.php?rest_route=\/wp\/v2\/posts\/1839","targetHints":{"allow":["GET"]}}],"collection":[{"href":"https:\/\/waelty.ch\/cm\/index.php?rest_route=\/wp\/v2\/posts"}],"about":[{"href":"https:\/\/waelty.ch\/cm\/index.php?rest_route=\/wp\/v2\/types\/post"}],"author":[{"embeddable":true,"href":"https:\/\/waelty.ch\/cm\/index.php?rest_route=\/wp\/v2\/users\/1"}],"replies":[{"embeddable":true,"href":"https:\/\/waelty.ch\/cm\/index.php?rest_route=%2Fwp%2Fv2%2Fcomments&post=1839"}],"version-history":[{"count":0,"href":"https:\/\/waelty.ch\/cm\/index.php?rest_route=\/wp\/v2\/posts\/1839\/revisions"}],"wp:attachment":[{"href":"https:\/\/waelty.ch\/cm\/index.php?rest_route=%2Fwp%2Fv2%2Fmedia&parent=1839"}],"wp:term":[{"taxonomy":"category","embeddable":true,"href":"https:\/\/waelty.ch\/cm\/index.php?rest_route=%2Fwp%2Fv2%2Fcategories&post=1839"},{"taxonomy":"post_tag","embeddable":true,"href":"https:\/\/waelty.ch\/cm\/index.php?rest_route=%2Fwp%2Fv2%2Ftags&post=1839"}],"curies":[{"name":"wp","href":"https:\/\/api.w.org\/{rel}","templated":true}]}}