{"id":1829,"date":"2016-12-02T11:00:18","date_gmt":"2016-12-02T10:00:18","guid":{"rendered":"http:\/\/www.fotointern.ch\/?p=132675"},"modified":"2016-12-02T11:00:18","modified_gmt":"2016-12-02T10:00:18","slug":"am-samstag-grosse-fotografie-auktion-bei-koller-in-zuerich","status":"publish","type":"post","link":"http:\/\/feedproxy.google.com\/~r\/fotointern\/~3\/ErM8cu_nXzo\/","title":{"rendered":"Am Samstag: Grosse Fotografie-Auktion bei Koller in Z\u00fcrich"},"content":{"rendered":"<p>Das Auktionshaus Koller in Z\u00fcrich f\u00fchrt morgen, Samstag 3. Dezember 2016 eine grosse Auktion f\u00fcr Fotografie durch. Dabei kommen Kunstfotografien aus der Fr\u00fchzeit bis zu zeitgen\u00f6ssischen Werken zum Aufruf, mit bekanntesten Namen wie Richard Avedon, Bert Stern, Thomas Hoepker, Ren\u00e9 Burri, Ren\u00e9 Groebli oder Robert Doisneau sowie ein grosses Lot von Michel Comte Bildern. &#160; [&#8230;]<img loading=\"lazy\" decoding=\"async\" src=\"http:\/\/feeds.feedburner.com\/~r\/fotointern\/~4\/ErM8cu_nXzo\" height=\"1\" width=\"1\" alt=\"\"\/> <\/p>\n","protected":false},"excerpt":{"rendered":"<p>Das Auktionshaus Koller in Z\u00fcrich f\u00fchrt morgen, Samstag 3. Dezember 2016 eine grosse Auktion f\u00fcr Fotografie durch. Dabei kommen Kunstfotografien aus der Fr\u00fchzeit bis zu zeitgen\u00f6ssischen Werken zum Aufruf, mit bekanntesten Namen wie Richard Avedon, Bert Stern, Thomas Hoepker, Ren\u00e9 Burri, Ren\u00e9 Groebli oder Robert Doisneau sowie ein grosses Lot von Michel Comte Bildern. &#160; [&#8230;]<img loading=\"lazy\" decoding=\"async\" src=\"http:\/\/feeds.feedburner.com\/~r\/fotointern\/~4\/ErM8cu_nXzo\" height=\"1\" width=\"1\" alt=\"\"\/> <\/p>\n","protected":false},"author":1,"featured_media":0,"comment_status":"open","ping_status":"closed","sticky":false,"template":"","format":"standard","meta":{"_exactmetrics_skip_tracking":false,"_exactmetrics_sitenote_active":false,"_exactmetrics_sitenote_note":"","_exactmetrics_sitenote_category":0,"footnotes":""},"categories":[9],"tags":[],"class_list":["post-1829","post","type-post","status-publish","format-standard","hentry","category-foto-news-extern"],"_links":{"self":[{"href":"https:\/\/waelty.ch\/cm\/index.php?rest_route=\/wp\/v2\/posts\/1829","targetHints":{"allow":["GET"]}}],"collection":[{"href":"https:\/\/waelty.ch\/cm\/index.php?rest_route=\/wp\/v2\/posts"}],"about":[{"href":"https:\/\/waelty.ch\/cm\/index.php?rest_route=\/wp\/v2\/types\/post"}],"author":[{"embeddable":true,"href":"https:\/\/waelty.ch\/cm\/index.php?rest_route=\/wp\/v2\/users\/1"}],"replies":[{"embeddable":true,"href":"https:\/\/waelty.ch\/cm\/index.php?rest_route=%2Fwp%2Fv2%2Fcomments&post=1829"}],"version-history":[{"count":0,"href":"https:\/\/waelty.ch\/cm\/index.php?rest_route=\/wp\/v2\/posts\/1829\/revisions"}],"wp:attachment":[{"href":"https:\/\/waelty.ch\/cm\/index.php?rest_route=%2Fwp%2Fv2%2Fmedia&parent=1829"}],"wp:term":[{"taxonomy":"category","embeddable":true,"href":"https:\/\/waelty.ch\/cm\/index.php?rest_route=%2Fwp%2Fv2%2Fcategories&post=1829"},{"taxonomy":"post_tag","embeddable":true,"href":"https:\/\/waelty.ch\/cm\/index.php?rest_route=%2Fwp%2Fv2%2Ftags&post=1829"}],"curies":[{"name":"wp","href":"https:\/\/api.w.org\/{rel}","templated":true}]}}