{"id":1819,"date":"2016-12-01T15:00:26","date_gmt":"2016-12-01T14:00:26","guid":{"rendered":"http:\/\/www.fotointern.ch\/?p=132606"},"modified":"2016-12-01T15:00:26","modified_gmt":"2016-12-01T14:00:26","slug":"fokus-software-franzis-refocus-6-leitet-den-blick-aufs-wesentliche","status":"publish","type":"post","link":"http:\/\/feedproxy.google.com\/~r\/fotointern\/~3\/xvk-SIWJjGc\/","title":{"rendered":"Fokus-Software: Franzis Refocus 6 leitet den Blick aufs Wesentliche"},"content":{"rendered":"<p>Der Buch- und Software-Verlag Franzis hat Version 6 von Refocus ver\u00f6ffentlicht. Das Mac- und Windows-Programm bietet Werkzeuge zum partiellen Sch\u00e4rfen und Weichzeichnen von Bildern. Neu ist die Unterst\u00fctzung von UHD-, 4K- und 5K-Monitoren sowie verschiedenen Verbesserungen \u2013 wie eine Stapelverarbeitung, die den Workflow beschleunigen. Mit Refocus 6 bringt Franzis eine neue Version der Software zur [&#8230;]<img loading=\"lazy\" decoding=\"async\" src=\"http:\/\/feeds.feedburner.com\/~r\/fotointern\/~4\/xvk-SIWJjGc\" height=\"1\" width=\"1\" alt=\"\"\/> <\/p>\n","protected":false},"excerpt":{"rendered":"<p>Der Buch- und Software-Verlag Franzis hat Version 6 von Refocus ver\u00f6ffentlicht. Das Mac- und Windows-Programm bietet Werkzeuge zum partiellen Sch\u00e4rfen und Weichzeichnen von Bildern. Neu ist die Unterst\u00fctzung von UHD-, 4K- und 5K-Monitoren sowie verschiedenen Verbesserungen \u2013 wie eine Stapelverarbeitung, die den Workflow beschleunigen. Mit Refocus 6 bringt Franzis eine neue Version der Software zur [&#8230;]<img loading=\"lazy\" decoding=\"async\" src=\"http:\/\/feeds.feedburner.com\/~r\/fotointern\/~4\/xvk-SIWJjGc\" height=\"1\" width=\"1\" alt=\"\"\/> <\/p>\n","protected":false},"author":1,"featured_media":0,"comment_status":"open","ping_status":"closed","sticky":false,"template":"","format":"standard","meta":{"_exactmetrics_skip_tracking":false,"_exactmetrics_sitenote_active":false,"_exactmetrics_sitenote_note":"","_exactmetrics_sitenote_category":0,"footnotes":""},"categories":[9],"tags":[],"class_list":["post-1819","post","type-post","status-publish","format-standard","hentry","category-foto-news-extern"],"_links":{"self":[{"href":"https:\/\/waelty.ch\/cm\/index.php?rest_route=\/wp\/v2\/posts\/1819","targetHints":{"allow":["GET"]}}],"collection":[{"href":"https:\/\/waelty.ch\/cm\/index.php?rest_route=\/wp\/v2\/posts"}],"about":[{"href":"https:\/\/waelty.ch\/cm\/index.php?rest_route=\/wp\/v2\/types\/post"}],"author":[{"embeddable":true,"href":"https:\/\/waelty.ch\/cm\/index.php?rest_route=\/wp\/v2\/users\/1"}],"replies":[{"embeddable":true,"href":"https:\/\/waelty.ch\/cm\/index.php?rest_route=%2Fwp%2Fv2%2Fcomments&post=1819"}],"version-history":[{"count":0,"href":"https:\/\/waelty.ch\/cm\/index.php?rest_route=\/wp\/v2\/posts\/1819\/revisions"}],"wp:attachment":[{"href":"https:\/\/waelty.ch\/cm\/index.php?rest_route=%2Fwp%2Fv2%2Fmedia&parent=1819"}],"wp:term":[{"taxonomy":"category","embeddable":true,"href":"https:\/\/waelty.ch\/cm\/index.php?rest_route=%2Fwp%2Fv2%2Fcategories&post=1819"},{"taxonomy":"post_tag","embeddable":true,"href":"https:\/\/waelty.ch\/cm\/index.php?rest_route=%2Fwp%2Fv2%2Ftags&post=1819"}],"curies":[{"name":"wp","href":"https:\/\/api.w.org\/{rel}","templated":true}]}}