{"id":1818,"date":"2016-12-01T16:30:52","date_gmt":"2016-12-01T15:30:52","guid":{"rendered":"http:\/\/www.fotointern.ch\/?p=132641"},"modified":"2016-12-01T16:30:52","modified_gmt":"2016-12-01T15:30:52","slug":"light-byte-late-night-sale-datum-vormerken-und-fuer-vortraege-anmelden","status":"publish","type":"post","link":"http:\/\/feedproxy.google.com\/~r\/fotointern\/~3\/Ull8og1S3No\/","title":{"rendered":"Light + Byte Late Night Sale: Datum vormerken und f\u00fcr Vortr\u00e4ge anmelden"},"content":{"rendered":"<p>Light + Byte AG f\u00fchrt am kommenden Mittwoch, 7. Dezember 2016 wieder einen Late Night Sale durch, \u00abAbendverkauf\u00bb auf gut Deutsch, der aber mehr ist als das: Parallel dazu finden verschiedene Vortr\u00e4ge statt, die erfahrungsgem\u00e4ss sehr rasch ausgebucht sind. Deshalb hier die Details \u2026 &#160; Der Showroom von Light + Byte ist bis 22:00 Uhr [&#8230;]<img loading=\"lazy\" decoding=\"async\" src=\"http:\/\/feeds.feedburner.com\/~r\/fotointern\/~4\/Ull8og1S3No\" height=\"1\" width=\"1\" alt=\"\"\/> <\/p>\n","protected":false},"excerpt":{"rendered":"<p>Light + Byte AG f\u00fchrt am kommenden Mittwoch, 7. Dezember 2016 wieder einen Late Night Sale durch, \u00abAbendverkauf\u00bb auf gut Deutsch, der aber mehr ist als das: Parallel dazu finden verschiedene Vortr\u00e4ge statt, die erfahrungsgem\u00e4ss sehr rasch ausgebucht sind. Deshalb hier die Details \u2026 &#160; Der Showroom von Light + Byte ist bis 22:00 Uhr [&#8230;]<img loading=\"lazy\" decoding=\"async\" src=\"http:\/\/feeds.feedburner.com\/~r\/fotointern\/~4\/Ull8og1S3No\" height=\"1\" width=\"1\" alt=\"\"\/> <\/p>\n","protected":false},"author":1,"featured_media":0,"comment_status":"open","ping_status":"closed","sticky":false,"template":"","format":"standard","meta":{"_exactmetrics_skip_tracking":false,"_exactmetrics_sitenote_active":false,"_exactmetrics_sitenote_note":"","_exactmetrics_sitenote_category":0,"footnotes":""},"categories":[9],"tags":[],"class_list":["post-1818","post","type-post","status-publish","format-standard","hentry","category-foto-news-extern"],"_links":{"self":[{"href":"https:\/\/waelty.ch\/cm\/index.php?rest_route=\/wp\/v2\/posts\/1818","targetHints":{"allow":["GET"]}}],"collection":[{"href":"https:\/\/waelty.ch\/cm\/index.php?rest_route=\/wp\/v2\/posts"}],"about":[{"href":"https:\/\/waelty.ch\/cm\/index.php?rest_route=\/wp\/v2\/types\/post"}],"author":[{"embeddable":true,"href":"https:\/\/waelty.ch\/cm\/index.php?rest_route=\/wp\/v2\/users\/1"}],"replies":[{"embeddable":true,"href":"https:\/\/waelty.ch\/cm\/index.php?rest_route=%2Fwp%2Fv2%2Fcomments&post=1818"}],"version-history":[{"count":0,"href":"https:\/\/waelty.ch\/cm\/index.php?rest_route=\/wp\/v2\/posts\/1818\/revisions"}],"wp:attachment":[{"href":"https:\/\/waelty.ch\/cm\/index.php?rest_route=%2Fwp%2Fv2%2Fmedia&parent=1818"}],"wp:term":[{"taxonomy":"category","embeddable":true,"href":"https:\/\/waelty.ch\/cm\/index.php?rest_route=%2Fwp%2Fv2%2Fcategories&post=1818"},{"taxonomy":"post_tag","embeddable":true,"href":"https:\/\/waelty.ch\/cm\/index.php?rest_route=%2Fwp%2Fv2%2Ftags&post=1818"}],"curies":[{"name":"wp","href":"https:\/\/api.w.org\/{rel}","templated":true}]}}