{"id":1812,"date":"2016-11-30T11:00:40","date_gmt":"2016-11-30T10:00:40","guid":{"rendered":"http:\/\/www.fotointern.ch\/?p=132526"},"modified":"2016-11-30T11:00:40","modified_gmt":"2016-11-30T10:00:40","slug":"einfach-fotomontagen-und-collagen-gestalten-akvis-chameleon-als-version-9","status":"publish","type":"post","link":"http:\/\/feedproxy.google.com\/~r\/fotointern\/~3\/6rwYGYAQcQw\/","title":{"rendered":"Einfach Fotomontagen und -collagen gestalten: Akvis Chameleon als Version 9"},"content":{"rendered":"<p>Wer beispielsweise f\u00fcr die kommenden Festtage eigene Weihnachtskarten, Kalender u.\u00e4. gestalten will, wird daf\u00fcr oft mehrere Fotos f\u00fcr eine&#160;stimmungsvolle Collage kombinieren oder symbolhafte Fotomontage erstellen. Chameleon von Akvis wurde f\u00fcr solche Aufgaben geschaffen und ist nun als Version 9 mit neuen Werkzeugen f\u00fcr die Erzeugung und Optimierung einer Bereichsauswahl verf\u00fcgbar. Zudem werden jetzt ultrahoch aufl\u00f6sende [&#8230;]<img loading=\"lazy\" decoding=\"async\" src=\"http:\/\/feeds.feedburner.com\/~r\/fotointern\/~4\/6rwYGYAQcQw\" height=\"1\" width=\"1\" alt=\"\"\/> <\/p>\n","protected":false},"excerpt":{"rendered":"<p>Wer beispielsweise f\u00fcr die kommenden Festtage eigene Weihnachtskarten, Kalender u.\u00e4. gestalten will, wird daf\u00fcr oft mehrere Fotos f\u00fcr eine&#160;stimmungsvolle Collage kombinieren oder symbolhafte Fotomontage erstellen. Chameleon von Akvis wurde f\u00fcr solche Aufgaben geschaffen und ist nun als Version 9 mit neuen Werkzeugen f\u00fcr die Erzeugung und Optimierung einer Bereichsauswahl verf\u00fcgbar. Zudem werden jetzt ultrahoch aufl\u00f6sende [&#8230;]<img loading=\"lazy\" decoding=\"async\" src=\"http:\/\/feeds.feedburner.com\/~r\/fotointern\/~4\/6rwYGYAQcQw\" height=\"1\" width=\"1\" alt=\"\"\/> <\/p>\n","protected":false},"author":1,"featured_media":0,"comment_status":"open","ping_status":"closed","sticky":false,"template":"","format":"standard","meta":{"_exactmetrics_skip_tracking":false,"_exactmetrics_sitenote_active":false,"_exactmetrics_sitenote_note":"","_exactmetrics_sitenote_category":0,"footnotes":""},"categories":[9],"tags":[],"class_list":["post-1812","post","type-post","status-publish","format-standard","hentry","category-foto-news-extern"],"_links":{"self":[{"href":"https:\/\/waelty.ch\/cm\/index.php?rest_route=\/wp\/v2\/posts\/1812","targetHints":{"allow":["GET"]}}],"collection":[{"href":"https:\/\/waelty.ch\/cm\/index.php?rest_route=\/wp\/v2\/posts"}],"about":[{"href":"https:\/\/waelty.ch\/cm\/index.php?rest_route=\/wp\/v2\/types\/post"}],"author":[{"embeddable":true,"href":"https:\/\/waelty.ch\/cm\/index.php?rest_route=\/wp\/v2\/users\/1"}],"replies":[{"embeddable":true,"href":"https:\/\/waelty.ch\/cm\/index.php?rest_route=%2Fwp%2Fv2%2Fcomments&post=1812"}],"version-history":[{"count":0,"href":"https:\/\/waelty.ch\/cm\/index.php?rest_route=\/wp\/v2\/posts\/1812\/revisions"}],"wp:attachment":[{"href":"https:\/\/waelty.ch\/cm\/index.php?rest_route=%2Fwp%2Fv2%2Fmedia&parent=1812"}],"wp:term":[{"taxonomy":"category","embeddable":true,"href":"https:\/\/waelty.ch\/cm\/index.php?rest_route=%2Fwp%2Fv2%2Fcategories&post=1812"},{"taxonomy":"post_tag","embeddable":true,"href":"https:\/\/waelty.ch\/cm\/index.php?rest_route=%2Fwp%2Fv2%2Ftags&post=1812"}],"curies":[{"name":"wp","href":"https:\/\/api.w.org\/{rel}","templated":true}]}}