{"id":1798,"date":"2016-11-27T08:00:00","date_gmt":"2016-11-27T07:00:00","guid":{"rendered":"http:\/\/heise.de\/-3504664"},"modified":"2016-11-27T08:00:00","modified_gmt":"2016-11-27T07:00:00","slug":"die-bilder-der-woche-kw-47","status":"publish","type":"post","link":"https:\/\/waelty.ch\/cm\/?p=1798","title":{"rendered":"Die Bilder der Woche (KW 47)"},"content":{"rendered":"<p><a href=\"http:\/\/www.heise.de\/foto\/artikel\/Die-Bilder-der-Woche-KW-47-3504664.html\"><img decoding=\"async\" src=\"http:\/\/www.heise.de\/scale\/geometry\/264\/q80\/\/foto\/imgs\/13\/2\/0\/4\/5\/3\/0\/3\/04-dienstag-verschollenes-rad_16-9-d5d0acb481e3ff25.jpeg\" alt=\"\" \/><\/a><\/p>\n<p>Herbstlich geht es in dieser Woche bei den Bildern des Tages zu. Ab und an mogelt sich sogar schon der Winter dazwischen. Als i-T\u00fcpfelchen gibt es Konzertfotografie und ein k\u00fcnstlerisches Portr\u00e4t.<\/p>\n","protected":false},"excerpt":{"rendered":"<p>Herbstlich geht es in dieser Woche bei den Bildern des Tages zu. Ab und an mogelt sich sogar schon der Winter dazwischen. Als i-T\u00fcpfelchen gibt es Konzertfotografie und ein k\u00fcnstlerisches Portr\u00e4t. <\/p>\n","protected":false},"author":1,"featured_media":0,"comment_status":"open","ping_status":"closed","sticky":false,"template":"","format":"standard","meta":{"_exactmetrics_skip_tracking":false,"_exactmetrics_sitenote_active":false,"_exactmetrics_sitenote_note":"","_exactmetrics_sitenote_category":0,"footnotes":""},"categories":[9],"tags":[],"class_list":["post-1798","post","type-post","status-publish","format-standard","hentry","category-foto-news-extern"],"_links":{"self":[{"href":"https:\/\/waelty.ch\/cm\/index.php?rest_route=\/wp\/v2\/posts\/1798","targetHints":{"allow":["GET"]}}],"collection":[{"href":"https:\/\/waelty.ch\/cm\/index.php?rest_route=\/wp\/v2\/posts"}],"about":[{"href":"https:\/\/waelty.ch\/cm\/index.php?rest_route=\/wp\/v2\/types\/post"}],"author":[{"embeddable":true,"href":"https:\/\/waelty.ch\/cm\/index.php?rest_route=\/wp\/v2\/users\/1"}],"replies":[{"embeddable":true,"href":"https:\/\/waelty.ch\/cm\/index.php?rest_route=%2Fwp%2Fv2%2Fcomments&post=1798"}],"version-history":[{"count":0,"href":"https:\/\/waelty.ch\/cm\/index.php?rest_route=\/wp\/v2\/posts\/1798\/revisions"}],"wp:attachment":[{"href":"https:\/\/waelty.ch\/cm\/index.php?rest_route=%2Fwp%2Fv2%2Fmedia&parent=1798"}],"wp:term":[{"taxonomy":"category","embeddable":true,"href":"https:\/\/waelty.ch\/cm\/index.php?rest_route=%2Fwp%2Fv2%2Fcategories&post=1798"},{"taxonomy":"post_tag","embeddable":true,"href":"https:\/\/waelty.ch\/cm\/index.php?rest_route=%2Fwp%2Fv2%2Ftags&post=1798"}],"curies":[{"name":"wp","href":"https:\/\/api.w.org\/{rel}","templated":true}]}}