{"id":1797,"date":"2016-11-27T07:00:29","date_gmt":"2016-11-27T06:00:29","guid":{"rendered":"http:\/\/www.fotointern.ch\/?p=132405"},"modified":"2016-11-27T07:00:29","modified_gmt":"2016-11-27T06:00:29","slug":"zuerich-bekommt-wieder-einen-shop-fuer-analoge-fotografie","status":"publish","type":"post","link":"http:\/\/feedproxy.google.com\/~r\/fotointern\/~3\/nrtR1MmKPpQ\/","title":{"rendered":"Z\u00fcrich bekommt wieder einen Shop f\u00fcr analoge Fotografie"},"content":{"rendered":"<p>Der Ausverkauf von Foto Ernst im letzten Sommer war eine spannende Sache. Unz\u00e4hlige sind f\u00fcndig geworden und fragen sich heute, wie es wohl mit dem legend\u00e4ren \u00abFoto Ernst-Haus\u00bb nun weitergehe. Der zweite Akt beginnt am n\u00e4chsten Dienstag: Ars-Imago er\u00f6ffnet dort ein neues Gesch\u00e4ft f\u00fcr analoge Fotografie. Fotointern hat mit dem Inhaber Alessandro Franchini exklusiv gesprochen. [&#8230;]<img loading=\"lazy\" decoding=\"async\" src=\"http:\/\/feeds.feedburner.com\/~r\/fotointern\/~4\/nrtR1MmKPpQ\" height=\"1\" width=\"1\" alt=\"\"\/> <\/p>\n","protected":false},"excerpt":{"rendered":"<p>Der Ausverkauf von Foto Ernst im letzten Sommer war eine spannende Sache. Unz\u00e4hlige sind f\u00fcndig geworden und fragen sich heute, wie es wohl mit dem legend\u00e4ren \u00abFoto Ernst-Haus\u00bb nun weitergehe. Der zweite Akt beginnt am n\u00e4chsten Dienstag: Ars-Imago er\u00f6ffnet dort ein neues Gesch\u00e4ft f\u00fcr analoge Fotografie. Fotointern hat mit dem Inhaber Alessandro Franchini exklusiv gesprochen. [&#8230;]<img loading=\"lazy\" decoding=\"async\" src=\"http:\/\/feeds.feedburner.com\/~r\/fotointern\/~4\/nrtR1MmKPpQ\" height=\"1\" width=\"1\" alt=\"\"\/> <\/p>\n","protected":false},"author":1,"featured_media":0,"comment_status":"open","ping_status":"closed","sticky":false,"template":"","format":"standard","meta":{"_exactmetrics_skip_tracking":false,"_exactmetrics_sitenote_active":false,"_exactmetrics_sitenote_note":"","_exactmetrics_sitenote_category":0,"footnotes":""},"categories":[9],"tags":[],"class_list":["post-1797","post","type-post","status-publish","format-standard","hentry","category-foto-news-extern"],"_links":{"self":[{"href":"https:\/\/waelty.ch\/cm\/index.php?rest_route=\/wp\/v2\/posts\/1797","targetHints":{"allow":["GET"]}}],"collection":[{"href":"https:\/\/waelty.ch\/cm\/index.php?rest_route=\/wp\/v2\/posts"}],"about":[{"href":"https:\/\/waelty.ch\/cm\/index.php?rest_route=\/wp\/v2\/types\/post"}],"author":[{"embeddable":true,"href":"https:\/\/waelty.ch\/cm\/index.php?rest_route=\/wp\/v2\/users\/1"}],"replies":[{"embeddable":true,"href":"https:\/\/waelty.ch\/cm\/index.php?rest_route=%2Fwp%2Fv2%2Fcomments&post=1797"}],"version-history":[{"count":0,"href":"https:\/\/waelty.ch\/cm\/index.php?rest_route=\/wp\/v2\/posts\/1797\/revisions"}],"wp:attachment":[{"href":"https:\/\/waelty.ch\/cm\/index.php?rest_route=%2Fwp%2Fv2%2Fmedia&parent=1797"}],"wp:term":[{"taxonomy":"category","embeddable":true,"href":"https:\/\/waelty.ch\/cm\/index.php?rest_route=%2Fwp%2Fv2%2Fcategories&post=1797"},{"taxonomy":"post_tag","embeddable":true,"href":"https:\/\/waelty.ch\/cm\/index.php?rest_route=%2Fwp%2Fv2%2Ftags&post=1797"}],"curies":[{"name":"wp","href":"https:\/\/api.w.org\/{rel}","templated":true}]}}