{"id":1795,"date":"2016-11-25T15:39:00","date_gmt":"2016-11-25T14:39:00","guid":{"rendered":"http:\/\/heise.de\/-3504900"},"modified":"2016-11-25T15:39:00","modified_gmt":"2016-11-25T14:39:00","slug":"3d-kamera-fuers-iphone-8-apple-kooperiert-angeblich-mit-lg","status":"publish","type":"post","link":"https:\/\/waelty.ch\/cm\/?p=1795","title":{"rendered":"3D-Kamera f\u00fcrs &#8222;iPhone 8&#8220;: Apple kooperiert angeblich mit LG"},"content":{"rendered":"<p><a href=\"http:\/\/www.heise.de\/foto\/meldung\/3D-Kamera-fuers-iPhone-8-Apple-kooperiert-angeblich-mit-LG-3504900.html\"><img decoding=\"async\" src=\"http:\/\/www.heise.de\/scale\/geometry\/264\/q80\/\/imgs\/18\/2\/0\/4\/5\/4\/9\/4\/linx_cameras-9380713b97b6c140.jpeg\" alt=\"\" \/><\/a><\/p>\n<p>Nach der Doppelkamera mit Portr\u00e4tmodus im iPhone 7 Plus k\u00f6nnte bei Apples n\u00e4chster Handy-Generation die dreidimensionale Bildaufnahme in den Vordergrund r\u00fccken.<\/p>\n","protected":false},"excerpt":{"rendered":"<p>Nach der Doppelkamera mit Portr\u00e4tmodus im iPhone 7 Plus k\u00f6nnte bei Apples n\u00e4chster Handy-Generation die dreidimensionale Bildaufnahme in den Vordergrund r\u00fccken. <\/p>\n","protected":false},"author":1,"featured_media":0,"comment_status":"open","ping_status":"closed","sticky":false,"template":"","format":"standard","meta":{"_exactmetrics_skip_tracking":false,"_exactmetrics_sitenote_active":false,"_exactmetrics_sitenote_note":"","_exactmetrics_sitenote_category":0,"footnotes":""},"categories":[9],"tags":[],"class_list":["post-1795","post","type-post","status-publish","format-standard","hentry","category-foto-news-extern"],"_links":{"self":[{"href":"https:\/\/waelty.ch\/cm\/index.php?rest_route=\/wp\/v2\/posts\/1795","targetHints":{"allow":["GET"]}}],"collection":[{"href":"https:\/\/waelty.ch\/cm\/index.php?rest_route=\/wp\/v2\/posts"}],"about":[{"href":"https:\/\/waelty.ch\/cm\/index.php?rest_route=\/wp\/v2\/types\/post"}],"author":[{"embeddable":true,"href":"https:\/\/waelty.ch\/cm\/index.php?rest_route=\/wp\/v2\/users\/1"}],"replies":[{"embeddable":true,"href":"https:\/\/waelty.ch\/cm\/index.php?rest_route=%2Fwp%2Fv2%2Fcomments&post=1795"}],"version-history":[{"count":0,"href":"https:\/\/waelty.ch\/cm\/index.php?rest_route=\/wp\/v2\/posts\/1795\/revisions"}],"wp:attachment":[{"href":"https:\/\/waelty.ch\/cm\/index.php?rest_route=%2Fwp%2Fv2%2Fmedia&parent=1795"}],"wp:term":[{"taxonomy":"category","embeddable":true,"href":"https:\/\/waelty.ch\/cm\/index.php?rest_route=%2Fwp%2Fv2%2Fcategories&post=1795"},{"taxonomy":"post_tag","embeddable":true,"href":"https:\/\/waelty.ch\/cm\/index.php?rest_route=%2Fwp%2Fv2%2Ftags&post=1795"}],"curies":[{"name":"wp","href":"https:\/\/api.w.org\/{rel}","templated":true}]}}