{"id":1779,"date":"2016-11-24T07:00:53","date_gmt":"2016-11-24T06:00:53","guid":{"rendered":"http:\/\/www.fotointern.ch\/?p=132298"},"modified":"2016-11-24T07:00:53","modified_gmt":"2016-11-24T06:00:53","slug":"kompakter-langlebiger-4k-laserprojektor-canon-xeed-4k600stz-mit-hdr","status":"publish","type":"post","link":"http:\/\/feedproxy.google.com\/~r\/fotointern\/~3\/8sTUEPA1-sg\/","title":{"rendered":"Kompakter, langlebiger 4K-Laserprojektor: Canon XEED 4K600STZ mit HDR"},"content":{"rendered":"<p>Canon hat f\u00fcr n\u00e4chstes Jahr mit dem Xeed 4K600STZ einen neuen 4K-Projektor (4096 x 2400 px) angek\u00fcndigt, der sich als kompakter LCOS-Projektor mit langlebiger Lichtquelle (Laserdiode) f\u00fcr Installationen und viele Anwendungsbereiche eignet. Er kann auch im Hochformat und auf gebogene Oberfl\u00e4chen sowie HDR-Inhalte projizieren. Canon hat die Einf\u00fchrung des Canon Xeed 4K600STZ f\u00fcr kommendes Fr\u00fchjahr [&#8230;]<img loading=\"lazy\" decoding=\"async\" src=\"http:\/\/feeds.feedburner.com\/~r\/fotointern\/~4\/8sTUEPA1-sg\" height=\"1\" width=\"1\" alt=\"\"\/> <\/p>\n","protected":false},"excerpt":{"rendered":"<p>Canon hat f\u00fcr n\u00e4chstes Jahr mit dem Xeed 4K600STZ einen neuen 4K-Projektor (4096 x 2400 px) angek\u00fcndigt, der sich als kompakter LCOS-Projektor mit langlebiger Lichtquelle (Laserdiode) f\u00fcr Installationen und viele Anwendungsbereiche eignet. Er kann auch im Hochformat und auf gebogene Oberfl\u00e4chen sowie HDR-Inhalte projizieren. Canon hat die Einf\u00fchrung des Canon Xeed 4K600STZ f\u00fcr kommendes Fr\u00fchjahr [&#8230;]<img loading=\"lazy\" decoding=\"async\" src=\"http:\/\/feeds.feedburner.com\/~r\/fotointern\/~4\/8sTUEPA1-sg\" height=\"1\" width=\"1\" alt=\"\"\/> <\/p>\n","protected":false},"author":1,"featured_media":0,"comment_status":"open","ping_status":"closed","sticky":false,"template":"","format":"standard","meta":{"_exactmetrics_skip_tracking":false,"_exactmetrics_sitenote_active":false,"_exactmetrics_sitenote_note":"","_exactmetrics_sitenote_category":0,"footnotes":""},"categories":[9],"tags":[],"class_list":["post-1779","post","type-post","status-publish","format-standard","hentry","category-foto-news-extern"],"_links":{"self":[{"href":"https:\/\/waelty.ch\/cm\/index.php?rest_route=\/wp\/v2\/posts\/1779","targetHints":{"allow":["GET"]}}],"collection":[{"href":"https:\/\/waelty.ch\/cm\/index.php?rest_route=\/wp\/v2\/posts"}],"about":[{"href":"https:\/\/waelty.ch\/cm\/index.php?rest_route=\/wp\/v2\/types\/post"}],"author":[{"embeddable":true,"href":"https:\/\/waelty.ch\/cm\/index.php?rest_route=\/wp\/v2\/users\/1"}],"replies":[{"embeddable":true,"href":"https:\/\/waelty.ch\/cm\/index.php?rest_route=%2Fwp%2Fv2%2Fcomments&post=1779"}],"version-history":[{"count":0,"href":"https:\/\/waelty.ch\/cm\/index.php?rest_route=\/wp\/v2\/posts\/1779\/revisions"}],"wp:attachment":[{"href":"https:\/\/waelty.ch\/cm\/index.php?rest_route=%2Fwp%2Fv2%2Fmedia&parent=1779"}],"wp:term":[{"taxonomy":"category","embeddable":true,"href":"https:\/\/waelty.ch\/cm\/index.php?rest_route=%2Fwp%2Fv2%2Fcategories&post=1779"},{"taxonomy":"post_tag","embeddable":true,"href":"https:\/\/waelty.ch\/cm\/index.php?rest_route=%2Fwp%2Fv2%2Ftags&post=1779"}],"curies":[{"name":"wp","href":"https:\/\/api.w.org\/{rel}","templated":true}]}}