{"id":1778,"date":"2016-11-24T15:00:22","date_gmt":"2016-11-24T14:00:22","guid":{"rendered":"http:\/\/www.fotointern.ch\/?p=132166"},"modified":"2016-11-24T15:00:22","modified_gmt":"2016-11-24T14:00:22","slug":"photozoom-pro-7-fotos-optimal-skalieren-und-aufloesung-erhoehen-auch-mit-lightroom","status":"publish","type":"post","link":"http:\/\/feedproxy.google.com\/~r\/fotointern\/~3\/IhvgCI1HRQ0\/","title":{"rendered":"PhotoZoom Pro 7: Fotos optimal skalieren und Aufl\u00f6sung erh\u00f6hen auch mit Lightroom"},"content":{"rendered":"<p>Die Software PhotoZoom Pro von BenVista ist eine der besten Spezialanwendungen, um digitale Bilder bestm\u00f6glichst zu verkleinern oder zu vergr\u00f6ssern, d.h. die Aufl\u00f6sung zur reduzieren oder \u2013 was besonders schwierig ist \u2013 drastisch zu erh\u00f6hen. Das Programm f\u00fcr Mac und Windows ist nun als leicht verbesserte Version 7 erschienen, die sich nun auch in Photoshop [&#8230;]<img loading=\"lazy\" decoding=\"async\" src=\"http:\/\/feeds.feedburner.com\/~r\/fotointern\/~4\/IhvgCI1HRQ0\" height=\"1\" width=\"1\" alt=\"\"\/> <\/p>\n","protected":false},"excerpt":{"rendered":"<p>Die Software PhotoZoom Pro von BenVista ist eine der besten Spezialanwendungen, um digitale Bilder bestm\u00f6glichst zu verkleinern oder zu vergr\u00f6ssern, d.h. die Aufl\u00f6sung zur reduzieren oder \u2013 was besonders schwierig ist \u2013 drastisch zu erh\u00f6hen. Das Programm f\u00fcr Mac und Windows ist nun als leicht verbesserte Version 7 erschienen, die sich nun auch in Photoshop [&#8230;]<img loading=\"lazy\" decoding=\"async\" src=\"http:\/\/feeds.feedburner.com\/~r\/fotointern\/~4\/IhvgCI1HRQ0\" height=\"1\" width=\"1\" alt=\"\"\/> <\/p>\n","protected":false},"author":1,"featured_media":0,"comment_status":"open","ping_status":"closed","sticky":false,"template":"","format":"standard","meta":{"_exactmetrics_skip_tracking":false,"_exactmetrics_sitenote_active":false,"_exactmetrics_sitenote_note":"","_exactmetrics_sitenote_category":0,"footnotes":""},"categories":[9],"tags":[],"class_list":["post-1778","post","type-post","status-publish","format-standard","hentry","category-foto-news-extern"],"_links":{"self":[{"href":"https:\/\/waelty.ch\/cm\/index.php?rest_route=\/wp\/v2\/posts\/1778","targetHints":{"allow":["GET"]}}],"collection":[{"href":"https:\/\/waelty.ch\/cm\/index.php?rest_route=\/wp\/v2\/posts"}],"about":[{"href":"https:\/\/waelty.ch\/cm\/index.php?rest_route=\/wp\/v2\/types\/post"}],"author":[{"embeddable":true,"href":"https:\/\/waelty.ch\/cm\/index.php?rest_route=\/wp\/v2\/users\/1"}],"replies":[{"embeddable":true,"href":"https:\/\/waelty.ch\/cm\/index.php?rest_route=%2Fwp%2Fv2%2Fcomments&post=1778"}],"version-history":[{"count":0,"href":"https:\/\/waelty.ch\/cm\/index.php?rest_route=\/wp\/v2\/posts\/1778\/revisions"}],"wp:attachment":[{"href":"https:\/\/waelty.ch\/cm\/index.php?rest_route=%2Fwp%2Fv2%2Fmedia&parent=1778"}],"wp:term":[{"taxonomy":"category","embeddable":true,"href":"https:\/\/waelty.ch\/cm\/index.php?rest_route=%2Fwp%2Fv2%2Fcategories&post=1778"},{"taxonomy":"post_tag","embeddable":true,"href":"https:\/\/waelty.ch\/cm\/index.php?rest_route=%2Fwp%2Fv2%2Ftags&post=1778"}],"curies":[{"name":"wp","href":"https:\/\/api.w.org\/{rel}","templated":true}]}}