{"id":1772,"date":"2016-11-23T13:00:11","date_gmt":"2016-11-23T12:00:11","guid":{"rendered":"http:\/\/www.fotointern.ch\/?p=132305"},"modified":"2016-11-23T13:00:11","modified_gmt":"2016-11-23T12:00:11","slug":"akvis-weihnachtspaket-ii-neue-bilderrahmen-fuer-die-weihnachtszeit","status":"publish","type":"post","link":"http:\/\/feedproxy.google.com\/~r\/fotointern\/~3\/tT_G5CgVDa8\/","title":{"rendered":"Akvis Weihnachtspaket II: Neue Bilderrahmen f\u00fcr die Weihnachtszeit"},"content":{"rendered":"<p>Akvis k\u00fcndigt die Ver\u00f6ffentlichung der neuen Weihnachtsrahmen-Sammlung II an, die 100 Bilderrahmen in unterschiedlichsten Ausf\u00fchrungen und einer Vielzahl von festlichen Motiven enth\u00e4lt. Das Rahmenpaket ist speziell f\u00fcr den Einsatz mit Akvis Frames und Akvis ArtSuite konzipiert und kann sowohl mit Windows- als auch mit Mac-Betriebssystemen genutzt werden. &#160; Ob man vorgefertigte Rahmen mag oder nicht, [&#8230;]<img loading=\"lazy\" decoding=\"async\" src=\"http:\/\/feeds.feedburner.com\/~r\/fotointern\/~4\/tT_G5CgVDa8\" height=\"1\" width=\"1\" alt=\"\"\/> <\/p>\n","protected":false},"excerpt":{"rendered":"<p>Akvis k\u00fcndigt die Ver\u00f6ffentlichung der neuen Weihnachtsrahmen-Sammlung II an, die 100 Bilderrahmen in unterschiedlichsten Ausf\u00fchrungen und einer Vielzahl von festlichen Motiven enth\u00e4lt. Das Rahmenpaket ist speziell f\u00fcr den Einsatz mit Akvis Frames und Akvis ArtSuite konzipiert und kann sowohl mit Windows- als auch mit Mac-Betriebssystemen genutzt werden. &#160; Ob man vorgefertigte Rahmen mag oder nicht, [&#8230;]<img loading=\"lazy\" decoding=\"async\" src=\"http:\/\/feeds.feedburner.com\/~r\/fotointern\/~4\/tT_G5CgVDa8\" height=\"1\" width=\"1\" alt=\"\"\/> <\/p>\n","protected":false},"author":1,"featured_media":0,"comment_status":"open","ping_status":"closed","sticky":false,"template":"","format":"standard","meta":{"_exactmetrics_skip_tracking":false,"_exactmetrics_sitenote_active":false,"_exactmetrics_sitenote_note":"","_exactmetrics_sitenote_category":0,"footnotes":""},"categories":[9],"tags":[],"class_list":["post-1772","post","type-post","status-publish","format-standard","hentry","category-foto-news-extern"],"_links":{"self":[{"href":"https:\/\/waelty.ch\/cm\/index.php?rest_route=\/wp\/v2\/posts\/1772","targetHints":{"allow":["GET"]}}],"collection":[{"href":"https:\/\/waelty.ch\/cm\/index.php?rest_route=\/wp\/v2\/posts"}],"about":[{"href":"https:\/\/waelty.ch\/cm\/index.php?rest_route=\/wp\/v2\/types\/post"}],"author":[{"embeddable":true,"href":"https:\/\/waelty.ch\/cm\/index.php?rest_route=\/wp\/v2\/users\/1"}],"replies":[{"embeddable":true,"href":"https:\/\/waelty.ch\/cm\/index.php?rest_route=%2Fwp%2Fv2%2Fcomments&post=1772"}],"version-history":[{"count":0,"href":"https:\/\/waelty.ch\/cm\/index.php?rest_route=\/wp\/v2\/posts\/1772\/revisions"}],"wp:attachment":[{"href":"https:\/\/waelty.ch\/cm\/index.php?rest_route=%2Fwp%2Fv2%2Fmedia&parent=1772"}],"wp:term":[{"taxonomy":"category","embeddable":true,"href":"https:\/\/waelty.ch\/cm\/index.php?rest_route=%2Fwp%2Fv2%2Fcategories&post=1772"},{"taxonomy":"post_tag","embeddable":true,"href":"https:\/\/waelty.ch\/cm\/index.php?rest_route=%2Fwp%2Fv2%2Ftags&post=1772"}],"curies":[{"name":"wp","href":"https:\/\/api.w.org\/{rel}","templated":true}]}}