{"id":1761,"date":"2016-11-21T14:30:32","date_gmt":"2016-11-21T13:30:32","guid":{"rendered":"http:\/\/www.fotointern.ch\/?p=132106"},"modified":"2016-11-21T14:30:32","modified_gmt":"2016-11-21T13:30:32","slug":"samyang-premium-xp-reihe-2414mm-fuer-canon-erhaeltlich-das-1285mm-folgt","status":"publish","type":"post","link":"http:\/\/feedproxy.google.com\/~r\/fotointern\/~3\/o2tisJoC68A\/","title":{"rendered":"Samyang Premium-XP-Reihe: 2,4\/14mm f\u00fcr Canon erh\u00e4ltlich, das 1,2\/85mm folgt"},"content":{"rendered":"<p>Mitte September, kurz vor der Photokina 2016, hat Samyang eine weitere Objektivreihe angek\u00fcndigt (Fotointern berichtete). Den Aufttakt dieser \u00abPremiumXP\u00bb-Reihe machen das 1:2,4\/14mm und das 1:1,2\/85mm, bei denen es sich um MF-Objektive f\u00fcr KB-Vollformat handelt. Nun stehen die Preise f\u00fcr beide sowie der Einf\u00fchrungstermin f\u00fcr das Superweitwinkel per Mitte Dezember fest. Beide kommen vorerst mit \u00abCanon [&#8230;]<img loading=\"lazy\" decoding=\"async\" src=\"http:\/\/feeds.feedburner.com\/~r\/fotointern\/~4\/o2tisJoC68A\" height=\"1\" width=\"1\" alt=\"\"\/> <\/p>\n","protected":false},"excerpt":{"rendered":"<p>Mitte September, kurz vor der Photokina 2016, hat Samyang eine weitere Objektivreihe angek\u00fcndigt (Fotointern berichtete). Den Aufttakt dieser \u00abPremiumXP\u00bb-Reihe machen das 1:2,4\/14mm und das 1:1,2\/85mm, bei denen es sich um MF-Objektive f\u00fcr KB-Vollformat handelt. Nun stehen die Preise f\u00fcr beide sowie der Einf\u00fchrungstermin f\u00fcr das Superweitwinkel per Mitte Dezember fest. Beide kommen vorerst mit \u00abCanon [&#8230;]<img loading=\"lazy\" decoding=\"async\" src=\"http:\/\/feeds.feedburner.com\/~r\/fotointern\/~4\/o2tisJoC68A\" height=\"1\" width=\"1\" alt=\"\"\/> <\/p>\n","protected":false},"author":1,"featured_media":0,"comment_status":"open","ping_status":"closed","sticky":false,"template":"","format":"standard","meta":{"_exactmetrics_skip_tracking":false,"_exactmetrics_sitenote_active":false,"_exactmetrics_sitenote_note":"","_exactmetrics_sitenote_category":0,"footnotes":""},"categories":[9],"tags":[],"class_list":["post-1761","post","type-post","status-publish","format-standard","hentry","category-foto-news-extern"],"_links":{"self":[{"href":"https:\/\/waelty.ch\/cm\/index.php?rest_route=\/wp\/v2\/posts\/1761","targetHints":{"allow":["GET"]}}],"collection":[{"href":"https:\/\/waelty.ch\/cm\/index.php?rest_route=\/wp\/v2\/posts"}],"about":[{"href":"https:\/\/waelty.ch\/cm\/index.php?rest_route=\/wp\/v2\/types\/post"}],"author":[{"embeddable":true,"href":"https:\/\/waelty.ch\/cm\/index.php?rest_route=\/wp\/v2\/users\/1"}],"replies":[{"embeddable":true,"href":"https:\/\/waelty.ch\/cm\/index.php?rest_route=%2Fwp%2Fv2%2Fcomments&post=1761"}],"version-history":[{"count":0,"href":"https:\/\/waelty.ch\/cm\/index.php?rest_route=\/wp\/v2\/posts\/1761\/revisions"}],"wp:attachment":[{"href":"https:\/\/waelty.ch\/cm\/index.php?rest_route=%2Fwp%2Fv2%2Fmedia&parent=1761"}],"wp:term":[{"taxonomy":"category","embeddable":true,"href":"https:\/\/waelty.ch\/cm\/index.php?rest_route=%2Fwp%2Fv2%2Fcategories&post=1761"},{"taxonomy":"post_tag","embeddable":true,"href":"https:\/\/waelty.ch\/cm\/index.php?rest_route=%2Fwp%2Fv2%2Ftags&post=1761"}],"curies":[{"name":"wp","href":"https:\/\/api.w.org\/{rel}","templated":true}]}}