{"id":1750,"date":"2016-11-18T16:00:14","date_gmt":"2016-11-18T15:00:14","guid":{"rendered":"http:\/\/www.fotointern.ch\/?p=132200"},"modified":"2016-11-18T16:00:14","modified_gmt":"2016-11-18T15:00:14","slug":"fotowettbewerb-gesucht-mein-schlechtestes-foto-ever","status":"publish","type":"post","link":"http:\/\/feedproxy.google.com\/~r\/fotointern\/~3\/QHc8Qgcg298\/","title":{"rendered":"Fotowettbewerb: Gesucht \u00abMein schlechtestes Foto \u2013 ever\u00bb"},"content":{"rendered":"<p>Haben Sie schlechte Fotos? Nicht nur ein bisschen unscharf oder schr\u00e4g, sondern so richtig \u00ababverheite\u00bb? Konsultieren Sie mal Ihren Trash. Vielleicht sind dort noch einige, die echt Geld wert sind. Fotich\u00e4stli f\u00fchrt bis Montag einen Wettbewerb durch und sucht das schlechteste Foto. Damit k\u00f6nnen Sie, mit etwas Gl\u00fcck, ein Personal Coaching mit Oliver Baer gewinnen. [&#8230;]<img loading=\"lazy\" decoding=\"async\" src=\"http:\/\/feeds.feedburner.com\/~r\/fotointern\/~4\/QHc8Qgcg298\" height=\"1\" width=\"1\" alt=\"\"\/> <\/p>\n","protected":false},"excerpt":{"rendered":"<p>Haben Sie schlechte Fotos? Nicht nur ein bisschen unscharf oder schr\u00e4g, sondern so richtig \u00ababverheite\u00bb? Konsultieren Sie mal Ihren Trash. Vielleicht sind dort noch einige, die echt Geld wert sind. Fotich\u00e4stli f\u00fchrt bis Montag einen Wettbewerb durch und sucht das schlechteste Foto. Damit k\u00f6nnen Sie, mit etwas Gl\u00fcck, ein Personal Coaching mit Oliver Baer gewinnen. [&#8230;]<img loading=\"lazy\" decoding=\"async\" src=\"http:\/\/feeds.feedburner.com\/~r\/fotointern\/~4\/QHc8Qgcg298\" height=\"1\" width=\"1\" alt=\"\"\/> <\/p>\n","protected":false},"author":1,"featured_media":0,"comment_status":"open","ping_status":"closed","sticky":false,"template":"","format":"standard","meta":{"_exactmetrics_skip_tracking":false,"_exactmetrics_sitenote_active":false,"_exactmetrics_sitenote_note":"","_exactmetrics_sitenote_category":0,"footnotes":""},"categories":[9],"tags":[],"class_list":["post-1750","post","type-post","status-publish","format-standard","hentry","category-foto-news-extern"],"_links":{"self":[{"href":"https:\/\/waelty.ch\/cm\/index.php?rest_route=\/wp\/v2\/posts\/1750","targetHints":{"allow":["GET"]}}],"collection":[{"href":"https:\/\/waelty.ch\/cm\/index.php?rest_route=\/wp\/v2\/posts"}],"about":[{"href":"https:\/\/waelty.ch\/cm\/index.php?rest_route=\/wp\/v2\/types\/post"}],"author":[{"embeddable":true,"href":"https:\/\/waelty.ch\/cm\/index.php?rest_route=\/wp\/v2\/users\/1"}],"replies":[{"embeddable":true,"href":"https:\/\/waelty.ch\/cm\/index.php?rest_route=%2Fwp%2Fv2%2Fcomments&post=1750"}],"version-history":[{"count":0,"href":"https:\/\/waelty.ch\/cm\/index.php?rest_route=\/wp\/v2\/posts\/1750\/revisions"}],"wp:attachment":[{"href":"https:\/\/waelty.ch\/cm\/index.php?rest_route=%2Fwp%2Fv2%2Fmedia&parent=1750"}],"wp:term":[{"taxonomy":"category","embeddable":true,"href":"https:\/\/waelty.ch\/cm\/index.php?rest_route=%2Fwp%2Fv2%2Fcategories&post=1750"},{"taxonomy":"post_tag","embeddable":true,"href":"https:\/\/waelty.ch\/cm\/index.php?rest_route=%2Fwp%2Fv2%2Ftags&post=1750"}],"curies":[{"name":"wp","href":"https:\/\/api.w.org\/{rel}","templated":true}]}}