{"id":1745,"date":"2016-11-17T11:31:16","date_gmt":"2016-11-17T10:31:16","guid":{"rendered":"http:\/\/www.fotointern.ch\/?p=132126"},"modified":"2016-11-17T11:31:16","modified_gmt":"2016-11-17T10:31:16","slug":"ausgefeilte-schwarzweiss-umwandlung-franzis-lanciert-black-white-projects-5","status":"publish","type":"post","link":"http:\/\/feedproxy.google.com\/~r\/fotointern\/~3\/MO1hzbCgYNo\/","title":{"rendered":"Ausgefeilte Schwarzweiss-Umwandlung: Franzis lanciert Black &amp; White projects 5"},"content":{"rendered":"<p>Franzis hat ihre Software \u00abBlack &#38; White projects 5\u00bb ver\u00f6ffentlicht, die eine pr\u00e4zis steuerbare Umwandlung von Farbbildern in Schwarzweissfotos erm\u00f6glicht. Neu in dieser Version sind u.a. eine automatische Brillanzoptimierung von Raw-Bilddateien, Trapez-Entzerrung, Lichtbeugungskorrektur sowie eine einfache Montagefunktion. Das Mac- und Windows-Programm zeigt nun GPS-Daten, unterst\u00fctzt&#160; acht zus\u00e4tzliche Farbr\u00e4ume und kann jetzt auch als Plug-in mit [&#8230;]<img loading=\"lazy\" decoding=\"async\" src=\"http:\/\/feeds.feedburner.com\/~r\/fotointern\/~4\/MO1hzbCgYNo\" height=\"1\" width=\"1\" alt=\"\"\/> <\/p>\n","protected":false},"excerpt":{"rendered":"<p>Franzis hat ihre Software \u00abBlack &#38; White projects 5\u00bb ver\u00f6ffentlicht, die eine pr\u00e4zis steuerbare Umwandlung von Farbbildern in Schwarzweissfotos erm\u00f6glicht. Neu in dieser Version sind u.a. eine automatische Brillanzoptimierung von Raw-Bilddateien, Trapez-Entzerrung, Lichtbeugungskorrektur sowie eine einfache Montagefunktion. Das Mac- und Windows-Programm zeigt nun GPS-Daten, unterst\u00fctzt&#160; acht zus\u00e4tzliche Farbr\u00e4ume und kann jetzt auch als Plug-in mit [&#8230;]<img loading=\"lazy\" decoding=\"async\" src=\"http:\/\/feeds.feedburner.com\/~r\/fotointern\/~4\/MO1hzbCgYNo\" height=\"1\" width=\"1\" alt=\"\"\/> <\/p>\n","protected":false},"author":1,"featured_media":0,"comment_status":"open","ping_status":"closed","sticky":false,"template":"","format":"standard","meta":{"_exactmetrics_skip_tracking":false,"_exactmetrics_sitenote_active":false,"_exactmetrics_sitenote_note":"","_exactmetrics_sitenote_category":0,"footnotes":""},"categories":[9],"tags":[],"class_list":["post-1745","post","type-post","status-publish","format-standard","hentry","category-foto-news-extern"],"_links":{"self":[{"href":"https:\/\/waelty.ch\/cm\/index.php?rest_route=\/wp\/v2\/posts\/1745","targetHints":{"allow":["GET"]}}],"collection":[{"href":"https:\/\/waelty.ch\/cm\/index.php?rest_route=\/wp\/v2\/posts"}],"about":[{"href":"https:\/\/waelty.ch\/cm\/index.php?rest_route=\/wp\/v2\/types\/post"}],"author":[{"embeddable":true,"href":"https:\/\/waelty.ch\/cm\/index.php?rest_route=\/wp\/v2\/users\/1"}],"replies":[{"embeddable":true,"href":"https:\/\/waelty.ch\/cm\/index.php?rest_route=%2Fwp%2Fv2%2Fcomments&post=1745"}],"version-history":[{"count":0,"href":"https:\/\/waelty.ch\/cm\/index.php?rest_route=\/wp\/v2\/posts\/1745\/revisions"}],"wp:attachment":[{"href":"https:\/\/waelty.ch\/cm\/index.php?rest_route=%2Fwp%2Fv2%2Fmedia&parent=1745"}],"wp:term":[{"taxonomy":"category","embeddable":true,"href":"https:\/\/waelty.ch\/cm\/index.php?rest_route=%2Fwp%2Fv2%2Fcategories&post=1745"},{"taxonomy":"post_tag","embeddable":true,"href":"https:\/\/waelty.ch\/cm\/index.php?rest_route=%2Fwp%2Fv2%2Ftags&post=1745"}],"curies":[{"name":"wp","href":"https:\/\/api.w.org\/{rel}","templated":true}]}}