{"id":1739,"date":"2016-11-16T07:00:55","date_gmt":"2016-11-16T06:00:55","guid":{"rendered":"http:\/\/www.fotointern.ch\/?p=132088"},"modified":"2016-11-16T07:00:55","modified_gmt":"2016-11-16T06:00:55","slug":"exklusiv-bei-fotichaestli-l-winkel-fuer-die-sony-rx100","status":"publish","type":"post","link":"http:\/\/feedproxy.google.com\/~r\/fotointern\/~3\/9AEGrAZxURI\/","title":{"rendered":"Exklusiv bei Fotich\u00e4stli: L-Winkel f\u00fcr die Sony RX100"},"content":{"rendered":"<p>F\u00fcr die Sony RX100-Besitzer gibt es ab sofort exklusiv bei Fotich\u00e4stli.ch einen L-Winkel, der ein schnelles Umsetzen von Quer- auf Hochformat auf dem Stativ erm\u00f6glicht. Der L-Winkel passt an alle RX100-Modell I bis V und ist mit Arca-Swiss Stativ Wechselplatten kompatibel. Zudem l\u00e4sst sich eine Handschlaufe befestigen und der Winkel passt zum Captur System vom [&#8230;]<img loading=\"lazy\" decoding=\"async\" src=\"http:\/\/feeds.feedburner.com\/~r\/fotointern\/~4\/9AEGrAZxURI\" height=\"1\" width=\"1\" alt=\"\"\/> <\/p>\n","protected":false},"excerpt":{"rendered":"<p>F\u00fcr die Sony RX100-Besitzer gibt es ab sofort exklusiv bei Fotich\u00e4stli.ch einen L-Winkel, der ein schnelles Umsetzen von Quer- auf Hochformat auf dem Stativ erm\u00f6glicht. Der L-Winkel passt an alle RX100-Modell I bis V und ist mit Arca-Swiss Stativ Wechselplatten kompatibel. Zudem l\u00e4sst sich eine Handschlaufe befestigen und der Winkel passt zum Captur System vom [&#8230;]<img loading=\"lazy\" decoding=\"async\" src=\"http:\/\/feeds.feedburner.com\/~r\/fotointern\/~4\/9AEGrAZxURI\" height=\"1\" width=\"1\" alt=\"\"\/> <\/p>\n","protected":false},"author":1,"featured_media":0,"comment_status":"open","ping_status":"closed","sticky":false,"template":"","format":"standard","meta":{"_exactmetrics_skip_tracking":false,"_exactmetrics_sitenote_active":false,"_exactmetrics_sitenote_note":"","_exactmetrics_sitenote_category":0,"footnotes":""},"categories":[9],"tags":[],"class_list":["post-1739","post","type-post","status-publish","format-standard","hentry","category-foto-news-extern"],"_links":{"self":[{"href":"https:\/\/waelty.ch\/cm\/index.php?rest_route=\/wp\/v2\/posts\/1739","targetHints":{"allow":["GET"]}}],"collection":[{"href":"https:\/\/waelty.ch\/cm\/index.php?rest_route=\/wp\/v2\/posts"}],"about":[{"href":"https:\/\/waelty.ch\/cm\/index.php?rest_route=\/wp\/v2\/types\/post"}],"author":[{"embeddable":true,"href":"https:\/\/waelty.ch\/cm\/index.php?rest_route=\/wp\/v2\/users\/1"}],"replies":[{"embeddable":true,"href":"https:\/\/waelty.ch\/cm\/index.php?rest_route=%2Fwp%2Fv2%2Fcomments&post=1739"}],"version-history":[{"count":0,"href":"https:\/\/waelty.ch\/cm\/index.php?rest_route=\/wp\/v2\/posts\/1739\/revisions"}],"wp:attachment":[{"href":"https:\/\/waelty.ch\/cm\/index.php?rest_route=%2Fwp%2Fv2%2Fmedia&parent=1739"}],"wp:term":[{"taxonomy":"category","embeddable":true,"href":"https:\/\/waelty.ch\/cm\/index.php?rest_route=%2Fwp%2Fv2%2Fcategories&post=1739"},{"taxonomy":"post_tag","embeddable":true,"href":"https:\/\/waelty.ch\/cm\/index.php?rest_route=%2Fwp%2Fv2%2Ftags&post=1739"}],"curies":[{"name":"wp","href":"https:\/\/api.w.org\/{rel}","templated":true}]}}