{"id":1738,"date":"2016-11-16T11:00:19","date_gmt":"2016-11-16T10:00:19","guid":{"rendered":"http:\/\/www.fotointern.ch\/?p=132082"},"modified":"2016-11-16T11:00:19","modified_gmt":"2016-11-16T10:00:19","slug":"leica-apo-summicron-m-1250-mm-asph-kommt-in-roter-ausfuehrung","status":"publish","type":"post","link":"http:\/\/feedproxy.google.com\/~r\/fotointern\/~3\/aHccQpNv06g\/","title":{"rendered":"Leica APO-Summicron-M 1:2\/50 mm ASPH kommt in roter Ausf\u00fchrung"},"content":{"rendered":"<p>Das Leica APO-Summicron-M 1:2\/50 mm ASPH erh\u00e4lt ein neues Farbdesign. Als erstes Leica Objektiv wird das als besonders scharfzeichnend bekannte Standardobjektiv ab Dezember auch in einer rot eloxierten Ausf\u00fchrung angeboten. Von der auff\u00e4lligen Sonderedition gibt es eine weltweit auf 100 Exemplare beschr\u00e4nkte Auflage. &#160; Das Leica APO-Summicron-M 1:2\/50 mm ASPH gilt unter den Leica-Objektiven als [&#8230;]<img loading=\"lazy\" decoding=\"async\" src=\"http:\/\/feeds.feedburner.com\/~r\/fotointern\/~4\/aHccQpNv06g\" height=\"1\" width=\"1\" alt=\"\"\/> <\/p>\n","protected":false},"excerpt":{"rendered":"<p>Das Leica APO-Summicron-M 1:2\/50 mm ASPH erh\u00e4lt ein neues Farbdesign. Als erstes Leica Objektiv wird das als besonders scharfzeichnend bekannte Standardobjektiv ab Dezember auch in einer rot eloxierten Ausf\u00fchrung angeboten. Von der auff\u00e4lligen Sonderedition gibt es eine weltweit auf 100 Exemplare beschr\u00e4nkte Auflage. &#160; Das Leica APO-Summicron-M 1:2\/50 mm ASPH gilt unter den Leica-Objektiven als [&#8230;]<img loading=\"lazy\" decoding=\"async\" src=\"http:\/\/feeds.feedburner.com\/~r\/fotointern\/~4\/aHccQpNv06g\" height=\"1\" width=\"1\" alt=\"\"\/> <\/p>\n","protected":false},"author":1,"featured_media":0,"comment_status":"open","ping_status":"closed","sticky":false,"template":"","format":"standard","meta":{"_exactmetrics_skip_tracking":false,"_exactmetrics_sitenote_active":false,"_exactmetrics_sitenote_note":"","_exactmetrics_sitenote_category":0,"footnotes":""},"categories":[9],"tags":[],"class_list":["post-1738","post","type-post","status-publish","format-standard","hentry","category-foto-news-extern"],"_links":{"self":[{"href":"https:\/\/waelty.ch\/cm\/index.php?rest_route=\/wp\/v2\/posts\/1738","targetHints":{"allow":["GET"]}}],"collection":[{"href":"https:\/\/waelty.ch\/cm\/index.php?rest_route=\/wp\/v2\/posts"}],"about":[{"href":"https:\/\/waelty.ch\/cm\/index.php?rest_route=\/wp\/v2\/types\/post"}],"author":[{"embeddable":true,"href":"https:\/\/waelty.ch\/cm\/index.php?rest_route=\/wp\/v2\/users\/1"}],"replies":[{"embeddable":true,"href":"https:\/\/waelty.ch\/cm\/index.php?rest_route=%2Fwp%2Fv2%2Fcomments&post=1738"}],"version-history":[{"count":0,"href":"https:\/\/waelty.ch\/cm\/index.php?rest_route=\/wp\/v2\/posts\/1738\/revisions"}],"wp:attachment":[{"href":"https:\/\/waelty.ch\/cm\/index.php?rest_route=%2Fwp%2Fv2%2Fmedia&parent=1738"}],"wp:term":[{"taxonomy":"category","embeddable":true,"href":"https:\/\/waelty.ch\/cm\/index.php?rest_route=%2Fwp%2Fv2%2Fcategories&post=1738"},{"taxonomy":"post_tag","embeddable":true,"href":"https:\/\/waelty.ch\/cm\/index.php?rest_route=%2Fwp%2Fv2%2Ftags&post=1738"}],"curies":[{"name":"wp","href":"https:\/\/api.w.org\/{rel}","templated":true}]}}