{"id":1729,"date":"2016-11-14T15:00:32","date_gmt":"2016-11-14T14:00:32","guid":{"rendered":"http:\/\/www.fotointern.ch\/?p=131881"},"modified":"2016-11-14T15:00:32","modified_gmt":"2016-11-14T14:00:32","slug":"sony-fs7-ii-profi-camcorder-mit-variablem-nd-filter-und-speziellem-e-mount","status":"publish","type":"post","link":"http:\/\/feedproxy.google.com\/~r\/fotointern\/~3\/CD2UZ_B4P8o\/","title":{"rendered":"Sony FS7 II Profi-Camcorder mit variablem ND-Filter und speziellem E-Mount"},"content":{"rendered":"<p>Mit dem 4K-UHD-Camcorder FS7 II bzw. PXW-FS7M2 hat Sony eine leicht verbesserte Variante ihres vor zwei Jahren eingef\u00fchrten FS7 (PXW-FS7) angek\u00fcndet. Das neue Modell kommt Anfang 2017 mit Verbesserungen f\u00fcr Dokumentar- und Indie-Filmer. Neu sind ein interner, stufenlos variabler ND-Filter, ein modifizierter E-Mount mit robuster Verriegelung (Lever Lock Type) sowie ein \u00fcberarbeitetes Geh\u00e4usedesign. &#160; Seit [&#8230;]<img loading=\"lazy\" decoding=\"async\" src=\"http:\/\/feeds.feedburner.com\/~r\/fotointern\/~4\/CD2UZ_B4P8o\" height=\"1\" width=\"1\" alt=\"\"\/> <\/p>\n","protected":false},"excerpt":{"rendered":"<p>Mit dem 4K-UHD-Camcorder FS7 II bzw. PXW-FS7M2 hat Sony eine leicht verbesserte Variante ihres vor zwei Jahren eingef\u00fchrten FS7 (PXW-FS7) angek\u00fcndet. Das neue Modell kommt Anfang 2017 mit Verbesserungen f\u00fcr Dokumentar- und Indie-Filmer. Neu sind ein interner, stufenlos variabler ND-Filter, ein modifizierter E-Mount mit robuster Verriegelung (Lever Lock Type) sowie ein \u00fcberarbeitetes Geh\u00e4usedesign. &#160; Seit [&#8230;]<img loading=\"lazy\" decoding=\"async\" src=\"http:\/\/feeds.feedburner.com\/~r\/fotointern\/~4\/CD2UZ_B4P8o\" height=\"1\" width=\"1\" alt=\"\"\/> <\/p>\n","protected":false},"author":1,"featured_media":0,"comment_status":"open","ping_status":"closed","sticky":false,"template":"","format":"standard","meta":{"_exactmetrics_skip_tracking":false,"_exactmetrics_sitenote_active":false,"_exactmetrics_sitenote_note":"","_exactmetrics_sitenote_category":0,"footnotes":""},"categories":[9],"tags":[],"class_list":["post-1729","post","type-post","status-publish","format-standard","hentry","category-foto-news-extern"],"_links":{"self":[{"href":"https:\/\/waelty.ch\/cm\/index.php?rest_route=\/wp\/v2\/posts\/1729","targetHints":{"allow":["GET"]}}],"collection":[{"href":"https:\/\/waelty.ch\/cm\/index.php?rest_route=\/wp\/v2\/posts"}],"about":[{"href":"https:\/\/waelty.ch\/cm\/index.php?rest_route=\/wp\/v2\/types\/post"}],"author":[{"embeddable":true,"href":"https:\/\/waelty.ch\/cm\/index.php?rest_route=\/wp\/v2\/users\/1"}],"replies":[{"embeddable":true,"href":"https:\/\/waelty.ch\/cm\/index.php?rest_route=%2Fwp%2Fv2%2Fcomments&post=1729"}],"version-history":[{"count":0,"href":"https:\/\/waelty.ch\/cm\/index.php?rest_route=\/wp\/v2\/posts\/1729\/revisions"}],"wp:attachment":[{"href":"https:\/\/waelty.ch\/cm\/index.php?rest_route=%2Fwp%2Fv2%2Fmedia&parent=1729"}],"wp:term":[{"taxonomy":"category","embeddable":true,"href":"https:\/\/waelty.ch\/cm\/index.php?rest_route=%2Fwp%2Fv2%2Fcategories&post=1729"},{"taxonomy":"post_tag","embeddable":true,"href":"https:\/\/waelty.ch\/cm\/index.php?rest_route=%2Fwp%2Fv2%2Ftags&post=1729"}],"curies":[{"name":"wp","href":"https:\/\/api.w.org\/{rel}","templated":true}]}}