{"id":1726,"date":"2016-11-13T07:00:38","date_gmt":"2016-11-13T06:00:38","guid":{"rendered":"http:\/\/www.fotointern.ch\/?p=131945"},"modified":"2016-11-13T07:00:38","modified_gmt":"2016-11-13T06:00:38","slug":"giacomettis-oeuvre-von-fotografen-gesehen","status":"publish","type":"post","link":"http:\/\/feedproxy.google.com\/~r\/fotointern\/~3\/E4b-qTnsTYc\/","title":{"rendered":"Giacomettis \u0152uvre von Fotografen gesehen"},"content":{"rendered":"<p>Zum 50. Todestag des Schweizer Jahrhundertk\u00fcnstlers zeigt das Kunsthaus Z\u00fcrich unter dem Titel \u00abAlberto Giacometti \u2013 Material und Vision\u00bb \u00fcber 250 seiner Werke in Gips, Stein, Ton und Bronze. Die Bedeutung des Mediums Fotografie zur Verbreitung und Bekanntmachung l\u00e4sst sich an Giacomettis \u0152uvre beispielhaft aufzeigen. &#160; Zu den vielen neugierigen Menschen, die das kleine, legend\u00e4re [&#8230;]<img loading=\"lazy\" decoding=\"async\" src=\"http:\/\/feeds.feedburner.com\/~r\/fotointern\/~4\/E4b-qTnsTYc\" height=\"1\" width=\"1\" alt=\"\"\/> <\/p>\n","protected":false},"excerpt":{"rendered":"<p>Zum 50. Todestag des Schweizer Jahrhundertk\u00fcnstlers zeigt das Kunsthaus Z\u00fcrich unter dem Titel \u00abAlberto Giacometti \u2013 Material und Vision\u00bb \u00fcber 250 seiner Werke in Gips, Stein, Ton und Bronze. Die Bedeutung des Mediums Fotografie zur Verbreitung und Bekanntmachung l\u00e4sst sich an Giacomettis \u0152uvre beispielhaft aufzeigen. &#160; Zu den vielen neugierigen Menschen, die das kleine, legend\u00e4re [&#8230;]<img loading=\"lazy\" decoding=\"async\" src=\"http:\/\/feeds.feedburner.com\/~r\/fotointern\/~4\/E4b-qTnsTYc\" height=\"1\" width=\"1\" alt=\"\"\/> <\/p>\n","protected":false},"author":1,"featured_media":0,"comment_status":"open","ping_status":"closed","sticky":false,"template":"","format":"standard","meta":{"_exactmetrics_skip_tracking":false,"_exactmetrics_sitenote_active":false,"_exactmetrics_sitenote_note":"","_exactmetrics_sitenote_category":0,"footnotes":""},"categories":[9],"tags":[],"class_list":["post-1726","post","type-post","status-publish","format-standard","hentry","category-foto-news-extern"],"_links":{"self":[{"href":"https:\/\/waelty.ch\/cm\/index.php?rest_route=\/wp\/v2\/posts\/1726","targetHints":{"allow":["GET"]}}],"collection":[{"href":"https:\/\/waelty.ch\/cm\/index.php?rest_route=\/wp\/v2\/posts"}],"about":[{"href":"https:\/\/waelty.ch\/cm\/index.php?rest_route=\/wp\/v2\/types\/post"}],"author":[{"embeddable":true,"href":"https:\/\/waelty.ch\/cm\/index.php?rest_route=\/wp\/v2\/users\/1"}],"replies":[{"embeddable":true,"href":"https:\/\/waelty.ch\/cm\/index.php?rest_route=%2Fwp%2Fv2%2Fcomments&post=1726"}],"version-history":[{"count":0,"href":"https:\/\/waelty.ch\/cm\/index.php?rest_route=\/wp\/v2\/posts\/1726\/revisions"}],"wp:attachment":[{"href":"https:\/\/waelty.ch\/cm\/index.php?rest_route=%2Fwp%2Fv2%2Fmedia&parent=1726"}],"wp:term":[{"taxonomy":"category","embeddable":true,"href":"https:\/\/waelty.ch\/cm\/index.php?rest_route=%2Fwp%2Fv2%2Fcategories&post=1726"},{"taxonomy":"post_tag","embeddable":true,"href":"https:\/\/waelty.ch\/cm\/index.php?rest_route=%2Fwp%2Fv2%2Ftags&post=1726"}],"curies":[{"name":"wp","href":"https:\/\/api.w.org\/{rel}","templated":true}]}}