{"id":1717,"date":"2016-11-11T07:00:12","date_gmt":"2016-11-11T06:00:12","guid":{"rendered":"http:\/\/www.fotointern.ch\/?p=131845"},"modified":"2016-11-11T07:00:12","modified_gmt":"2016-11-11T06:00:12","slug":"salon-de-la-photo-das-alljaehrliche-fotoschaufenster-in-paris-lockt-80000-besucher","status":"publish","type":"post","link":"http:\/\/feedproxy.google.com\/~r\/fotointern\/~3\/fZsIuBS2hmo\/","title":{"rendered":"Salon de la Photo: Das allj\u00e4hrliche Fotoschaufenster in Paris lockt 80\u2019000 Besucher"},"content":{"rendered":"<p>Gestern \u00f6ffnete der Salon de la Photo in Paris seine Pforten und bleibt bis am Montag die zweitwichtigste Fotomesse Europas. Die allj\u00e4hrliche Fotomesse pr\u00e4sentiert als Spiegel des franz\u00f6sischen Fotomarktes nicht nur viele Neuheiten, sondern sie bietet zus\u00e4tzlich ein spannendes und vielf\u00e4ltiges Rahmenprogramm. Ge\u00f6ffnet ist sie noch bis und mit Montag. &#160; Der Salon de la [&#8230;]<img loading=\"lazy\" decoding=\"async\" src=\"http:\/\/feeds.feedburner.com\/~r\/fotointern\/~4\/fZsIuBS2hmo\" height=\"1\" width=\"1\" alt=\"\"\/> <\/p>\n","protected":false},"excerpt":{"rendered":"<p>Gestern \u00f6ffnete der Salon de la Photo in Paris seine Pforten und bleibt bis am Montag die zweitwichtigste Fotomesse Europas. Die allj\u00e4hrliche Fotomesse pr\u00e4sentiert als Spiegel des franz\u00f6sischen Fotomarktes nicht nur viele Neuheiten, sondern sie bietet zus\u00e4tzlich ein spannendes und vielf\u00e4ltiges Rahmenprogramm. Ge\u00f6ffnet ist sie noch bis und mit Montag. &#160; Der Salon de la [&#8230;]<img loading=\"lazy\" decoding=\"async\" src=\"http:\/\/feeds.feedburner.com\/~r\/fotointern\/~4\/fZsIuBS2hmo\" height=\"1\" width=\"1\" alt=\"\"\/> <\/p>\n","protected":false},"author":1,"featured_media":0,"comment_status":"open","ping_status":"closed","sticky":false,"template":"","format":"standard","meta":{"_exactmetrics_skip_tracking":false,"_exactmetrics_sitenote_active":false,"_exactmetrics_sitenote_note":"","_exactmetrics_sitenote_category":0,"footnotes":""},"categories":[9],"tags":[],"class_list":["post-1717","post","type-post","status-publish","format-standard","hentry","category-foto-news-extern"],"_links":{"self":[{"href":"https:\/\/waelty.ch\/cm\/index.php?rest_route=\/wp\/v2\/posts\/1717","targetHints":{"allow":["GET"]}}],"collection":[{"href":"https:\/\/waelty.ch\/cm\/index.php?rest_route=\/wp\/v2\/posts"}],"about":[{"href":"https:\/\/waelty.ch\/cm\/index.php?rest_route=\/wp\/v2\/types\/post"}],"author":[{"embeddable":true,"href":"https:\/\/waelty.ch\/cm\/index.php?rest_route=\/wp\/v2\/users\/1"}],"replies":[{"embeddable":true,"href":"https:\/\/waelty.ch\/cm\/index.php?rest_route=%2Fwp%2Fv2%2Fcomments&post=1717"}],"version-history":[{"count":0,"href":"https:\/\/waelty.ch\/cm\/index.php?rest_route=\/wp\/v2\/posts\/1717\/revisions"}],"wp:attachment":[{"href":"https:\/\/waelty.ch\/cm\/index.php?rest_route=%2Fwp%2Fv2%2Fmedia&parent=1717"}],"wp:term":[{"taxonomy":"category","embeddable":true,"href":"https:\/\/waelty.ch\/cm\/index.php?rest_route=%2Fwp%2Fv2%2Fcategories&post=1717"},{"taxonomy":"post_tag","embeddable":true,"href":"https:\/\/waelty.ch\/cm\/index.php?rest_route=%2Fwp%2Fv2%2Ftags&post=1717"}],"curies":[{"name":"wp","href":"https:\/\/api.w.org\/{rel}","templated":true}]}}