{"id":1711,"date":"2016-11-10T16:05:00","date_gmt":"2016-11-10T15:05:00","guid":{"rendered":"http:\/\/heise.de\/-3463496"},"modified":"2016-11-10T16:05:00","modified_gmt":"2016-11-10T15:05:00","slug":"paris-photo-weltmesse-fuer-fotografie-feiert-geburtstag","status":"publish","type":"post","link":"https:\/\/waelty.ch\/cm\/?p=1711","title":{"rendered":"Paris Photo: Weltmesse f\u00fcr Fotografie feiert Geburtstag"},"content":{"rendered":"<p><a href=\"http:\/\/www.heise.de\/foto\/meldung\/Paris-Photo-Weltmesse-fuer-Fotografie-feiert-Geburtstag-3463496.html\"><img decoding=\"async\" src=\"http:\/\/www.heise.de\/scale\/geometry\/264\/q80\/\/imgs\/18\/2\/0\/1\/3\/1\/4\/3\/3zoz5931-e0291532d3e6fbaa.jpeg\" alt=\"\" \/><\/a><\/p>\n<p>Die am Donnerstag er\u00f6ffnete Paris Photo ist in 20 Jahren zur weltweit gr\u00f6\u00dften Fotomesse geworden. Ihren Geburtstag feiert sie mit neuen Galerien und zeitgen\u00f6ssischen Stars.<\/p>\n","protected":false},"excerpt":{"rendered":"<p>Die am Donnerstag er\u00f6ffnete Paris Photo ist in 20 Jahren zur weltweit gr\u00f6\u00dften Fotomesse geworden. Ihren Geburtstag feiert sie mit neuen Galerien und zeitgen\u00f6ssischen Stars. <\/p>\n","protected":false},"author":1,"featured_media":0,"comment_status":"open","ping_status":"closed","sticky":false,"template":"","format":"standard","meta":{"_exactmetrics_skip_tracking":false,"_exactmetrics_sitenote_active":false,"_exactmetrics_sitenote_note":"","_exactmetrics_sitenote_category":0,"footnotes":""},"categories":[9],"tags":[],"class_list":["post-1711","post","type-post","status-publish","format-standard","hentry","category-foto-news-extern"],"_links":{"self":[{"href":"https:\/\/waelty.ch\/cm\/index.php?rest_route=\/wp\/v2\/posts\/1711","targetHints":{"allow":["GET"]}}],"collection":[{"href":"https:\/\/waelty.ch\/cm\/index.php?rest_route=\/wp\/v2\/posts"}],"about":[{"href":"https:\/\/waelty.ch\/cm\/index.php?rest_route=\/wp\/v2\/types\/post"}],"author":[{"embeddable":true,"href":"https:\/\/waelty.ch\/cm\/index.php?rest_route=\/wp\/v2\/users\/1"}],"replies":[{"embeddable":true,"href":"https:\/\/waelty.ch\/cm\/index.php?rest_route=%2Fwp%2Fv2%2Fcomments&post=1711"}],"version-history":[{"count":0,"href":"https:\/\/waelty.ch\/cm\/index.php?rest_route=\/wp\/v2\/posts\/1711\/revisions"}],"wp:attachment":[{"href":"https:\/\/waelty.ch\/cm\/index.php?rest_route=%2Fwp%2Fv2%2Fmedia&parent=1711"}],"wp:term":[{"taxonomy":"category","embeddable":true,"href":"https:\/\/waelty.ch\/cm\/index.php?rest_route=%2Fwp%2Fv2%2Fcategories&post=1711"},{"taxonomy":"post_tag","embeddable":true,"href":"https:\/\/waelty.ch\/cm\/index.php?rest_route=%2Fwp%2Fv2%2Ftags&post=1711"}],"curies":[{"name":"wp","href":"https:\/\/api.w.org\/{rel}","templated":true}]}}