{"id":1706,"date":"2016-11-09T13:04:00","date_gmt":"2016-11-09T12:04:00","guid":{"rendered":"http:\/\/heise.de\/-3461717"},"modified":"2016-11-09T13:04:00","modified_gmt":"2016-11-09T12:04:00","slug":"pakistan-schiebt-maedchen-mit-gruenen-augen-nach-afghanistan-ab","status":"publish","type":"post","link":"https:\/\/waelty.ch\/cm\/?p=1706","title":{"rendered":"Pakistan schiebt &#8222;M\u00e4dchen mit gr\u00fcnen Augen&#8220; nach Afghanistan ab"},"content":{"rendered":"<p><a href=\"http:\/\/www.heise.de\/foto\/meldung\/Pakistan-schiebt-Maedchen-mit-gruenen-Augen-nach-Afghanistan-ab-3461717.html\"><img decoding=\"async\" src=\"http:\/\/www.heise.de\/scale\/geometry\/264\/q80\/\/imgs\/18\/2\/0\/1\/1\/9\/1\/7\/anriss-2454df6fcf256692.jpeg\" alt=\"\" \/><\/a><\/p>\n<p>Der amerikanische Fotograf Steve McCurry ist f\u00fcr seine Aufnahme des &#8222;afghanischen M\u00e4dchens&#8220;, welches auf dem Cover der National Geographic um die Welt ging, bekannt. Jetzt hat Pakistan das &#8222;M\u00e4dchen mit den gr\u00fcnen Augen&#8220; des Landes verwiesen.<\/p>\n","protected":false},"excerpt":{"rendered":"<p>Der amerikanische Fotograf Steve McCurry ist f\u00fcr seine Aufnahme des &#8222;afghanischen M\u00e4dchens&#8220;, welches auf dem Cover der National Geographic um die Welt ging, bekannt. Jetzt hat Pakistan das &#8222;M\u00e4dchen mit den gr\u00fcnen Augen&#8220; des Landes verwiesen. <\/p>\n","protected":false},"author":1,"featured_media":0,"comment_status":"open","ping_status":"closed","sticky":false,"template":"","format":"standard","meta":{"_exactmetrics_skip_tracking":false,"_exactmetrics_sitenote_active":false,"_exactmetrics_sitenote_note":"","_exactmetrics_sitenote_category":0,"footnotes":""},"categories":[9],"tags":[],"class_list":["post-1706","post","type-post","status-publish","format-standard","hentry","category-foto-news-extern"],"_links":{"self":[{"href":"https:\/\/waelty.ch\/cm\/index.php?rest_route=\/wp\/v2\/posts\/1706","targetHints":{"allow":["GET"]}}],"collection":[{"href":"https:\/\/waelty.ch\/cm\/index.php?rest_route=\/wp\/v2\/posts"}],"about":[{"href":"https:\/\/waelty.ch\/cm\/index.php?rest_route=\/wp\/v2\/types\/post"}],"author":[{"embeddable":true,"href":"https:\/\/waelty.ch\/cm\/index.php?rest_route=\/wp\/v2\/users\/1"}],"replies":[{"embeddable":true,"href":"https:\/\/waelty.ch\/cm\/index.php?rest_route=%2Fwp%2Fv2%2Fcomments&post=1706"}],"version-history":[{"count":0,"href":"https:\/\/waelty.ch\/cm\/index.php?rest_route=\/wp\/v2\/posts\/1706\/revisions"}],"wp:attachment":[{"href":"https:\/\/waelty.ch\/cm\/index.php?rest_route=%2Fwp%2Fv2%2Fmedia&parent=1706"}],"wp:term":[{"taxonomy":"category","embeddable":true,"href":"https:\/\/waelty.ch\/cm\/index.php?rest_route=%2Fwp%2Fv2%2Fcategories&post=1706"},{"taxonomy":"post_tag","embeddable":true,"href":"https:\/\/waelty.ch\/cm\/index.php?rest_route=%2Fwp%2Fv2%2Ftags&post=1706"}],"curies":[{"name":"wp","href":"https:\/\/api.w.org\/{rel}","templated":true}]}}