{"id":1699,"date":"2016-11-08T07:00:49","date_gmt":"2016-11-08T06:00:49","guid":{"rendered":"http:\/\/www.fotointern.ch\/?p=131769"},"modified":"2016-11-08T07:00:49","modified_gmt":"2016-11-08T06:00:49","slug":"der-fotoverbandes-imagingswiss-steht-vor-einer-reorganisation","status":"publish","type":"post","link":"http:\/\/feedproxy.google.com\/~r\/fotointern\/~3\/MkQm75-HjiY\/","title":{"rendered":"Der Fotoverbandes Imagingswiss steht vor einer Reorganisation"},"content":{"rendered":"<p>Imagingswiss wird von seinem bisherigen Organisationsschema mit vier Regional- und einem Zentralverband abweichen m\u00fcssen und durch die Integration der Sektionen einen gest\u00e4rkten Zentralverband bilden. Dazu m\u00fcssen die ausserordentlichen Generalversammlungen der Regionen diesem Vorschlag zustimmen, was gestern der gr\u00f6sste Regionalverband Nord vormachte. &#160; Wie andere Berufsverb\u00e4nde leidet auch der Fotoverband Imagingswiss unter einem kontinuierlichen Mitgliederschwund, was [&#8230;]<img loading=\"lazy\" decoding=\"async\" src=\"http:\/\/feeds.feedburner.com\/~r\/fotointern\/~4\/MkQm75-HjiY\" height=\"1\" width=\"1\" alt=\"\"\/> <\/p>\n","protected":false},"excerpt":{"rendered":"<p>Imagingswiss wird von seinem bisherigen Organisationsschema mit vier Regional- und einem Zentralverband abweichen m\u00fcssen und durch die Integration der Sektionen einen gest\u00e4rkten Zentralverband bilden. Dazu m\u00fcssen die ausserordentlichen Generalversammlungen der Regionen diesem Vorschlag zustimmen, was gestern der gr\u00f6sste Regionalverband Nord vormachte. &#160; Wie andere Berufsverb\u00e4nde leidet auch der Fotoverband Imagingswiss unter einem kontinuierlichen Mitgliederschwund, was [&#8230;]<img loading=\"lazy\" decoding=\"async\" src=\"http:\/\/feeds.feedburner.com\/~r\/fotointern\/~4\/MkQm75-HjiY\" height=\"1\" width=\"1\" alt=\"\"\/> <\/p>\n","protected":false},"author":1,"featured_media":0,"comment_status":"open","ping_status":"closed","sticky":false,"template":"","format":"standard","meta":{"_exactmetrics_skip_tracking":false,"_exactmetrics_sitenote_active":false,"_exactmetrics_sitenote_note":"","_exactmetrics_sitenote_category":0,"footnotes":""},"categories":[9],"tags":[],"class_list":["post-1699","post","type-post","status-publish","format-standard","hentry","category-foto-news-extern"],"_links":{"self":[{"href":"https:\/\/waelty.ch\/cm\/index.php?rest_route=\/wp\/v2\/posts\/1699","targetHints":{"allow":["GET"]}}],"collection":[{"href":"https:\/\/waelty.ch\/cm\/index.php?rest_route=\/wp\/v2\/posts"}],"about":[{"href":"https:\/\/waelty.ch\/cm\/index.php?rest_route=\/wp\/v2\/types\/post"}],"author":[{"embeddable":true,"href":"https:\/\/waelty.ch\/cm\/index.php?rest_route=\/wp\/v2\/users\/1"}],"replies":[{"embeddable":true,"href":"https:\/\/waelty.ch\/cm\/index.php?rest_route=%2Fwp%2Fv2%2Fcomments&post=1699"}],"version-history":[{"count":0,"href":"https:\/\/waelty.ch\/cm\/index.php?rest_route=\/wp\/v2\/posts\/1699\/revisions"}],"wp:attachment":[{"href":"https:\/\/waelty.ch\/cm\/index.php?rest_route=%2Fwp%2Fv2%2Fmedia&parent=1699"}],"wp:term":[{"taxonomy":"category","embeddable":true,"href":"https:\/\/waelty.ch\/cm\/index.php?rest_route=%2Fwp%2Fv2%2Fcategories&post=1699"},{"taxonomy":"post_tag","embeddable":true,"href":"https:\/\/waelty.ch\/cm\/index.php?rest_route=%2Fwp%2Fv2%2Ftags&post=1699"}],"curies":[{"name":"wp","href":"https:\/\/api.w.org\/{rel}","templated":true}]}}