{"id":1689,"date":"2016-11-07T13:11:40","date_gmt":"2016-11-07T12:11:40","guid":{"rendered":"http:\/\/www.fotointern.ch\/?p=131611"},"modified":"2016-11-07T13:11:40","modified_gmt":"2016-11-07T12:11:40","slug":"power-tower-mit-mehr-terabytes-lacie-12big-und-6big-thunderbolt-3","status":"publish","type":"post","link":"http:\/\/feedproxy.google.com\/~r\/fotointern\/~3\/6rxJEQi1B2Y\/","title":{"rendered":"Power-Tower mit mehr Terabytes: LaCie 12big und 6big Thunderbolt 3"},"content":{"rendered":"<p>Die LaCie 6big Thunderbolt 3 und die gr\u00f6ssere 12big Thunderbolt 3 sind Speicherl\u00f6sung mit superschneller \u00abThunderbolt 3\u00bb-Schnittstelle. Im Fr\u00fchling eingef\u00fchrt, gibt es beide Speichert\u00fcrme jetzt mit noch h\u00f6herer Kapazit\u00e4t bis 60 TB bzw. 120 TB. Mit rasantem Datentransfer und hoher Kapzit\u00e4t sind beide Speicher vor allem f\u00fcr die Arbeit mit ultrahochaufl\u00f6senden Videos gefragt. Die Speichert\u00fcrme [&#8230;]<img loading=\"lazy\" decoding=\"async\" src=\"http:\/\/feeds.feedburner.com\/~r\/fotointern\/~4\/6rxJEQi1B2Y\" height=\"1\" width=\"1\" alt=\"\"\/> <\/p>\n","protected":false},"excerpt":{"rendered":"<p>Die LaCie 6big Thunderbolt 3 und die gr\u00f6ssere 12big Thunderbolt 3 sind Speicherl\u00f6sung mit superschneller \u00abThunderbolt 3\u00bb-Schnittstelle. Im Fr\u00fchling eingef\u00fchrt, gibt es beide Speichert\u00fcrme jetzt mit noch h\u00f6herer Kapazit\u00e4t bis 60 TB bzw. 120 TB. Mit rasantem Datentransfer und hoher Kapzit\u00e4t sind beide Speicher vor allem f\u00fcr die Arbeit mit ultrahochaufl\u00f6senden Videos gefragt. Die Speichert\u00fcrme [&#8230;]<img loading=\"lazy\" decoding=\"async\" src=\"http:\/\/feeds.feedburner.com\/~r\/fotointern\/~4\/6rxJEQi1B2Y\" height=\"1\" width=\"1\" alt=\"\"\/> <\/p>\n","protected":false},"author":1,"featured_media":0,"comment_status":"open","ping_status":"closed","sticky":false,"template":"","format":"standard","meta":{"_exactmetrics_skip_tracking":false,"_exactmetrics_sitenote_active":false,"_exactmetrics_sitenote_note":"","_exactmetrics_sitenote_category":0,"footnotes":""},"categories":[9],"tags":[],"class_list":["post-1689","post","type-post","status-publish","format-standard","hentry","category-foto-news-extern"],"_links":{"self":[{"href":"https:\/\/waelty.ch\/cm\/index.php?rest_route=\/wp\/v2\/posts\/1689","targetHints":{"allow":["GET"]}}],"collection":[{"href":"https:\/\/waelty.ch\/cm\/index.php?rest_route=\/wp\/v2\/posts"}],"about":[{"href":"https:\/\/waelty.ch\/cm\/index.php?rest_route=\/wp\/v2\/types\/post"}],"author":[{"embeddable":true,"href":"https:\/\/waelty.ch\/cm\/index.php?rest_route=\/wp\/v2\/users\/1"}],"replies":[{"embeddable":true,"href":"https:\/\/waelty.ch\/cm\/index.php?rest_route=%2Fwp%2Fv2%2Fcomments&post=1689"}],"version-history":[{"count":0,"href":"https:\/\/waelty.ch\/cm\/index.php?rest_route=\/wp\/v2\/posts\/1689\/revisions"}],"wp:attachment":[{"href":"https:\/\/waelty.ch\/cm\/index.php?rest_route=%2Fwp%2Fv2%2Fmedia&parent=1689"}],"wp:term":[{"taxonomy":"category","embeddable":true,"href":"https:\/\/waelty.ch\/cm\/index.php?rest_route=%2Fwp%2Fv2%2Fcategories&post=1689"},{"taxonomy":"post_tag","embeddable":true,"href":"https:\/\/waelty.ch\/cm\/index.php?rest_route=%2Fwp%2Fv2%2Ftags&post=1689"}],"curies":[{"name":"wp","href":"https:\/\/api.w.org\/{rel}","templated":true}]}}