{"id":1683,"date":"2016-11-05T14:00:48","date_gmt":"2016-11-05T13:00:48","guid":{"rendered":"http:\/\/www.fotointern.ch\/?p=131712"},"modified":"2016-11-05T14:00:48","modified_gmt":"2016-11-05T13:00:48","slug":"ebook-tipp-werner-schmaeing-safari-fotografie","status":"publish","type":"post","link":"http:\/\/feedproxy.google.com\/~r\/fotointern\/~3\/J_sNTf8R-lU\/","title":{"rendered":"eBook-Tipp: Werner Schm\u00e4ing \u00abSafari-Fotografie\u00bb"},"content":{"rendered":"<p>Dass wir in unserer B\u00fccher-Rubrik elektronische Publikationen besprechen, ist eher die Ausnahme. Die Vorliebe f\u00fcr handfestes Bibliophiles \u00fcberwiegt, zumal gedruckte B\u00fccher wertvoller und nachhaltiger sind. Dennoch gibt es eBooks Ver\u00f6ffentlichungen, die durchaus besprechungsw\u00fcrdig sind, weil sie einen hohen Praxisnutzen haben. Werner Schm\u00e4ings \u00abSafari-Fotografie\u00bb geh\u00f6rt in diese Kategorie. &#160; Sollten Sie demn\u00e4chst \u2013 oder vielleicht irgend [&#8230;]<img loading=\"lazy\" decoding=\"async\" src=\"http:\/\/feeds.feedburner.com\/~r\/fotointern\/~4\/J_sNTf8R-lU\" height=\"1\" width=\"1\" alt=\"\"\/> <\/p>\n","protected":false},"excerpt":{"rendered":"<p>Dass wir in unserer B\u00fccher-Rubrik elektronische Publikationen besprechen, ist eher die Ausnahme. Die Vorliebe f\u00fcr handfestes Bibliophiles \u00fcberwiegt, zumal gedruckte B\u00fccher wertvoller und nachhaltiger sind. Dennoch gibt es eBooks Ver\u00f6ffentlichungen, die durchaus besprechungsw\u00fcrdig sind, weil sie einen hohen Praxisnutzen haben. Werner Schm\u00e4ings \u00abSafari-Fotografie\u00bb geh\u00f6rt in diese Kategorie. &#160; Sollten Sie demn\u00e4chst \u2013 oder vielleicht irgend [&#8230;]<img loading=\"lazy\" decoding=\"async\" src=\"http:\/\/feeds.feedburner.com\/~r\/fotointern\/~4\/J_sNTf8R-lU\" height=\"1\" width=\"1\" alt=\"\"\/> <\/p>\n","protected":false},"author":1,"featured_media":0,"comment_status":"open","ping_status":"closed","sticky":false,"template":"","format":"standard","meta":{"_exactmetrics_skip_tracking":false,"_exactmetrics_sitenote_active":false,"_exactmetrics_sitenote_note":"","_exactmetrics_sitenote_category":0,"footnotes":""},"categories":[9],"tags":[],"class_list":["post-1683","post","type-post","status-publish","format-standard","hentry","category-foto-news-extern"],"_links":{"self":[{"href":"https:\/\/waelty.ch\/cm\/index.php?rest_route=\/wp\/v2\/posts\/1683","targetHints":{"allow":["GET"]}}],"collection":[{"href":"https:\/\/waelty.ch\/cm\/index.php?rest_route=\/wp\/v2\/posts"}],"about":[{"href":"https:\/\/waelty.ch\/cm\/index.php?rest_route=\/wp\/v2\/types\/post"}],"author":[{"embeddable":true,"href":"https:\/\/waelty.ch\/cm\/index.php?rest_route=\/wp\/v2\/users\/1"}],"replies":[{"embeddable":true,"href":"https:\/\/waelty.ch\/cm\/index.php?rest_route=%2Fwp%2Fv2%2Fcomments&post=1683"}],"version-history":[{"count":0,"href":"https:\/\/waelty.ch\/cm\/index.php?rest_route=\/wp\/v2\/posts\/1683\/revisions"}],"wp:attachment":[{"href":"https:\/\/waelty.ch\/cm\/index.php?rest_route=%2Fwp%2Fv2%2Fmedia&parent=1683"}],"wp:term":[{"taxonomy":"category","embeddable":true,"href":"https:\/\/waelty.ch\/cm\/index.php?rest_route=%2Fwp%2Fv2%2Fcategories&post=1683"},{"taxonomy":"post_tag","embeddable":true,"href":"https:\/\/waelty.ch\/cm\/index.php?rest_route=%2Fwp%2Fv2%2Ftags&post=1683"}],"curies":[{"name":"wp","href":"https:\/\/api.w.org\/{rel}","templated":true}]}}