{"id":1676,"date":"2016-11-04T18:34:38","date_gmt":"2016-11-04T17:34:38","guid":{"rendered":"http:\/\/www.fotointern.ch\/?p=131677"},"modified":"2016-11-04T18:34:38","modified_gmt":"2016-11-04T17:34:38","slug":"high-life-bei-profot-in-muri-30-jaehriges-jubilaeum","status":"publish","type":"post","link":"http:\/\/feedproxy.google.com\/~r\/fotointern\/~3\/jBlykLjYRbw\/","title":{"rendered":"High Life bei Profot in Muri: 30-j\u00e4hriges Jubil\u00e4um"},"content":{"rendered":"<p>Bei Profot in Muri herrscht Hochbetrieb. Die Firma feiert ihr 30j\u00e4hriges Jubil\u00e4um \u2013 und zwar auf den Tag genau \u2013 und l\u00e4dt alle Kunden, Lieferanten und Interessenten nach Muri AG an den Hauptsitz ein. In mehreren Showrooms werden die Artikel pr\u00e4sentiert, Christian Ammann macht super Peopleaufnahmen, man gewinnt einen Einblick in die Werbetechnik und f\u00fcr [&#8230;]<img loading=\"lazy\" decoding=\"async\" src=\"http:\/\/feeds.feedburner.com\/~r\/fotointern\/~4\/jBlykLjYRbw\" height=\"1\" width=\"1\" alt=\"\"\/> <\/p>\n","protected":false},"excerpt":{"rendered":"<p>Bei Profot in Muri herrscht Hochbetrieb. Die Firma feiert ihr 30j\u00e4hriges Jubil\u00e4um \u2013 und zwar auf den Tag genau \u2013 und l\u00e4dt alle Kunden, Lieferanten und Interessenten nach Muri AG an den Hauptsitz ein. In mehreren Showrooms werden die Artikel pr\u00e4sentiert, Christian Ammann macht super Peopleaufnahmen, man gewinnt einen Einblick in die Werbetechnik und f\u00fcr [&#8230;]<img loading=\"lazy\" decoding=\"async\" src=\"http:\/\/feeds.feedburner.com\/~r\/fotointern\/~4\/jBlykLjYRbw\" height=\"1\" width=\"1\" alt=\"\"\/> <\/p>\n","protected":false},"author":1,"featured_media":0,"comment_status":"open","ping_status":"closed","sticky":false,"template":"","format":"standard","meta":{"_exactmetrics_skip_tracking":false,"_exactmetrics_sitenote_active":false,"_exactmetrics_sitenote_note":"","_exactmetrics_sitenote_category":0,"footnotes":""},"categories":[9],"tags":[],"class_list":["post-1676","post","type-post","status-publish","format-standard","hentry","category-foto-news-extern"],"_links":{"self":[{"href":"https:\/\/waelty.ch\/cm\/index.php?rest_route=\/wp\/v2\/posts\/1676","targetHints":{"allow":["GET"]}}],"collection":[{"href":"https:\/\/waelty.ch\/cm\/index.php?rest_route=\/wp\/v2\/posts"}],"about":[{"href":"https:\/\/waelty.ch\/cm\/index.php?rest_route=\/wp\/v2\/types\/post"}],"author":[{"embeddable":true,"href":"https:\/\/waelty.ch\/cm\/index.php?rest_route=\/wp\/v2\/users\/1"}],"replies":[{"embeddable":true,"href":"https:\/\/waelty.ch\/cm\/index.php?rest_route=%2Fwp%2Fv2%2Fcomments&post=1676"}],"version-history":[{"count":0,"href":"https:\/\/waelty.ch\/cm\/index.php?rest_route=\/wp\/v2\/posts\/1676\/revisions"}],"wp:attachment":[{"href":"https:\/\/waelty.ch\/cm\/index.php?rest_route=%2Fwp%2Fv2%2Fmedia&parent=1676"}],"wp:term":[{"taxonomy":"category","embeddable":true,"href":"https:\/\/waelty.ch\/cm\/index.php?rest_route=%2Fwp%2Fv2%2Fcategories&post=1676"},{"taxonomy":"post_tag","embeddable":true,"href":"https:\/\/waelty.ch\/cm\/index.php?rest_route=%2Fwp%2Fv2%2Ftags&post=1676"}],"curies":[{"name":"wp","href":"https:\/\/api.w.org\/{rel}","templated":true}]}}