{"id":1661,"date":"2016-11-02T11:00:55","date_gmt":"2016-11-02T10:00:55","guid":{"rendered":"http:\/\/www.fotointern.ch\/?p=131543"},"modified":"2016-11-02T11:00:55","modified_gmt":"2016-11-02T10:00:55","slug":"flaggschiff-sticht-in-see-olympus-om-d-e-m1-mark-ii-ab-dezember-erhaeltlich","status":"publish","type":"post","link":"http:\/\/feedproxy.google.com\/~r\/fotointern\/~3\/aYb6rdLDsaI\/","title":{"rendered":"Flaggschiff sticht in See: Olympus OM-D E-M1 Mark II ab Dezember erh\u00e4ltlich"},"content":{"rendered":"<p>An der Photokina hatte Olympus die neue Version ihres bereits l\u00e4nger erwarteten Flaggschiffes angek\u00fcndet, jedoch nur einen vagen Einf\u00fchrungstermin und keinen Preis kommuniziert. Nun stehen beide fest. Die mit 18 fps (und 60 fps bei fixiertem AF) sehr schnelle Olympus OM-D E-M1 Mark II ist ab Dezember 2016 erh\u00e4ltlich. Der Preis f\u00fcrs Geh\u00e4use der spiegellosen [&#8230;]<img loading=\"lazy\" decoding=\"async\" src=\"http:\/\/feeds.feedburner.com\/~r\/fotointern\/~4\/aYb6rdLDsaI\" height=\"1\" width=\"1\" alt=\"\"\/> <\/p>\n","protected":false},"excerpt":{"rendered":"<p>An der Photokina hatte Olympus die neue Version ihres bereits l\u00e4nger erwarteten Flaggschiffes angek\u00fcndet, jedoch nur einen vagen Einf\u00fchrungstermin und keinen Preis kommuniziert. Nun stehen beide fest. Die mit 18 fps (und 60 fps bei fixiertem AF) sehr schnelle Olympus OM-D E-M1 Mark II ist ab Dezember 2016 erh\u00e4ltlich. Der Preis f\u00fcrs Geh\u00e4use der spiegellosen [&#8230;]<img loading=\"lazy\" decoding=\"async\" src=\"http:\/\/feeds.feedburner.com\/~r\/fotointern\/~4\/aYb6rdLDsaI\" height=\"1\" width=\"1\" alt=\"\"\/> <\/p>\n","protected":false},"author":1,"featured_media":0,"comment_status":"open","ping_status":"closed","sticky":false,"template":"","format":"standard","meta":{"_exactmetrics_skip_tracking":false,"_exactmetrics_sitenote_active":false,"_exactmetrics_sitenote_note":"","_exactmetrics_sitenote_category":0,"footnotes":""},"categories":[9],"tags":[],"class_list":["post-1661","post","type-post","status-publish","format-standard","hentry","category-foto-news-extern"],"_links":{"self":[{"href":"https:\/\/waelty.ch\/cm\/index.php?rest_route=\/wp\/v2\/posts\/1661","targetHints":{"allow":["GET"]}}],"collection":[{"href":"https:\/\/waelty.ch\/cm\/index.php?rest_route=\/wp\/v2\/posts"}],"about":[{"href":"https:\/\/waelty.ch\/cm\/index.php?rest_route=\/wp\/v2\/types\/post"}],"author":[{"embeddable":true,"href":"https:\/\/waelty.ch\/cm\/index.php?rest_route=\/wp\/v2\/users\/1"}],"replies":[{"embeddable":true,"href":"https:\/\/waelty.ch\/cm\/index.php?rest_route=%2Fwp%2Fv2%2Fcomments&post=1661"}],"version-history":[{"count":0,"href":"https:\/\/waelty.ch\/cm\/index.php?rest_route=\/wp\/v2\/posts\/1661\/revisions"}],"wp:attachment":[{"href":"https:\/\/waelty.ch\/cm\/index.php?rest_route=%2Fwp%2Fv2%2Fmedia&parent=1661"}],"wp:term":[{"taxonomy":"category","embeddable":true,"href":"https:\/\/waelty.ch\/cm\/index.php?rest_route=%2Fwp%2Fv2%2Fcategories&post=1661"},{"taxonomy":"post_tag","embeddable":true,"href":"https:\/\/waelty.ch\/cm\/index.php?rest_route=%2Fwp%2Fv2%2Ftags&post=1661"}],"curies":[{"name":"wp","href":"https:\/\/api.w.org\/{rel}","templated":true}]}}