{"id":1660,"date":"2016-11-02T15:00:33","date_gmt":"2016-11-02T14:00:33","guid":{"rendered":"http:\/\/www.fotointern.ch\/?p=131545"},"modified":"2016-11-02T15:00:33","modified_gmt":"2016-11-02T14:00:33","slug":"olympus-stf-8-spritzwasserfester-zangenblitz-fuer-makroaufnahmen","status":"publish","type":"post","link":"http:\/\/feedproxy.google.com\/~r\/fotointern\/~3\/WYMBj1mS3lM\/","title":{"rendered":"Olympus STF-8: spritzwasserfester Zangenblitz f\u00fcr Makroaufnahmen"},"content":{"rendered":"<p>Olympus erweitert ihr Sortiment an Blitzger\u00e4ten um einen staub- und spritzwasserfestem Zangenblitz f\u00fcr Makroaufnahmen. Der kompakte, leichte STF-8 verf\u00fcgt \u00fcber zwei abnehmbare, variabel ausrichtbare Blitzleuchten, die zusammen eine Leitzahl von 8,5 haben. Der Olympus STF-8 ist der weltweit erste staub- und spritzwassergesch\u00fctzte sowie frostsichere Makro-Zangenblitz und damit deine optimale Erg\u00e4nzung f\u00fcr die wetterfesten OM-D Modelle [&#8230;]<img loading=\"lazy\" decoding=\"async\" src=\"http:\/\/feeds.feedburner.com\/~r\/fotointern\/~4\/WYMBj1mS3lM\" height=\"1\" width=\"1\" alt=\"\"\/> <\/p>\n","protected":false},"excerpt":{"rendered":"<p>Olympus erweitert ihr Sortiment an Blitzger\u00e4ten um einen staub- und spritzwasserfestem Zangenblitz f\u00fcr Makroaufnahmen. Der kompakte, leichte STF-8 verf\u00fcgt \u00fcber zwei abnehmbare, variabel ausrichtbare Blitzleuchten, die zusammen eine Leitzahl von 8,5 haben. Der Olympus STF-8 ist der weltweit erste staub- und spritzwassergesch\u00fctzte sowie frostsichere Makro-Zangenblitz und damit deine optimale Erg\u00e4nzung f\u00fcr die wetterfesten OM-D Modelle [&#8230;]<img loading=\"lazy\" decoding=\"async\" src=\"http:\/\/feeds.feedburner.com\/~r\/fotointern\/~4\/WYMBj1mS3lM\" height=\"1\" width=\"1\" alt=\"\"\/> <\/p>\n","protected":false},"author":1,"featured_media":0,"comment_status":"open","ping_status":"closed","sticky":false,"template":"","format":"standard","meta":{"_exactmetrics_skip_tracking":false,"_exactmetrics_sitenote_active":false,"_exactmetrics_sitenote_note":"","_exactmetrics_sitenote_category":0,"footnotes":""},"categories":[9],"tags":[],"class_list":["post-1660","post","type-post","status-publish","format-standard","hentry","category-foto-news-extern"],"_links":{"self":[{"href":"https:\/\/waelty.ch\/cm\/index.php?rest_route=\/wp\/v2\/posts\/1660","targetHints":{"allow":["GET"]}}],"collection":[{"href":"https:\/\/waelty.ch\/cm\/index.php?rest_route=\/wp\/v2\/posts"}],"about":[{"href":"https:\/\/waelty.ch\/cm\/index.php?rest_route=\/wp\/v2\/types\/post"}],"author":[{"embeddable":true,"href":"https:\/\/waelty.ch\/cm\/index.php?rest_route=\/wp\/v2\/users\/1"}],"replies":[{"embeddable":true,"href":"https:\/\/waelty.ch\/cm\/index.php?rest_route=%2Fwp%2Fv2%2Fcomments&post=1660"}],"version-history":[{"count":0,"href":"https:\/\/waelty.ch\/cm\/index.php?rest_route=\/wp\/v2\/posts\/1660\/revisions"}],"wp:attachment":[{"href":"https:\/\/waelty.ch\/cm\/index.php?rest_route=%2Fwp%2Fv2%2Fmedia&parent=1660"}],"wp:term":[{"taxonomy":"category","embeddable":true,"href":"https:\/\/waelty.ch\/cm\/index.php?rest_route=%2Fwp%2Fv2%2Fcategories&post=1660"},{"taxonomy":"post_tag","embeddable":true,"href":"https:\/\/waelty.ch\/cm\/index.php?rest_route=%2Fwp%2Fv2%2Ftags&post=1660"}],"curies":[{"name":"wp","href":"https:\/\/api.w.org\/{rel}","templated":true}]}}