{"id":1646,"date":"2016-10-31T13:00:24","date_gmt":"2016-10-31T12:00:24","guid":{"rendered":"http:\/\/www.fotointern.ch\/?p=131362"},"modified":"2016-10-31T13:00:24","modified_gmt":"2016-10-31T12:00:24","slug":"akvis-magnifier-9-0-bilder-kompromisslos-vergroessern","status":"publish","type":"post","link":"http:\/\/feedproxy.google.com\/~r\/fotointern\/~3\/X_EQ0yJYBXc\/","title":{"rendered":"Akvis Magnifier 9.0: Bilder kompromisslos vergr\u00f6ssern"},"content":{"rendered":"<p>Akvis k\u00fcndigt die Ver\u00f6ffentlichung von Magnifier 9.0 an. Die Software ist ein effizientes Werkzeug zur Erh\u00f6hung der Bildaufl\u00f6sung und ist sowohl f\u00fcr Windows- als auch f\u00fcr Macintosh-Betriebssysteme erh\u00e4ltlich. Die neue Version bietet mehr Konfigurations- und Anpassungsoptionen einschliesslich der erweiterten Pixelgrenze, neuer Aufl\u00f6sungswerte, Unterst\u00fctzung f\u00fcr Ultra HD und anderer Verbesserungen. &#160; Akvis Magnifier ist eine professionelle [&#8230;]<img loading=\"lazy\" decoding=\"async\" src=\"http:\/\/feeds.feedburner.com\/~r\/fotointern\/~4\/X_EQ0yJYBXc\" height=\"1\" width=\"1\" alt=\"\"\/> <\/p>\n","protected":false},"excerpt":{"rendered":"<p>Akvis k\u00fcndigt die Ver\u00f6ffentlichung von Magnifier 9.0 an. Die Software ist ein effizientes Werkzeug zur Erh\u00f6hung der Bildaufl\u00f6sung und ist sowohl f\u00fcr Windows- als auch f\u00fcr Macintosh-Betriebssysteme erh\u00e4ltlich. Die neue Version bietet mehr Konfigurations- und Anpassungsoptionen einschliesslich der erweiterten Pixelgrenze, neuer Aufl\u00f6sungswerte, Unterst\u00fctzung f\u00fcr Ultra HD und anderer Verbesserungen. &#160; Akvis Magnifier ist eine professionelle [&#8230;]<img loading=\"lazy\" decoding=\"async\" src=\"http:\/\/feeds.feedburner.com\/~r\/fotointern\/~4\/X_EQ0yJYBXc\" height=\"1\" width=\"1\" alt=\"\"\/> <\/p>\n","protected":false},"author":1,"featured_media":0,"comment_status":"open","ping_status":"closed","sticky":false,"template":"","format":"standard","meta":{"_exactmetrics_skip_tracking":false,"_exactmetrics_sitenote_active":false,"_exactmetrics_sitenote_note":"","_exactmetrics_sitenote_category":0,"footnotes":""},"categories":[9],"tags":[],"class_list":["post-1646","post","type-post","status-publish","format-standard","hentry","category-foto-news-extern"],"_links":{"self":[{"href":"https:\/\/waelty.ch\/cm\/index.php?rest_route=\/wp\/v2\/posts\/1646","targetHints":{"allow":["GET"]}}],"collection":[{"href":"https:\/\/waelty.ch\/cm\/index.php?rest_route=\/wp\/v2\/posts"}],"about":[{"href":"https:\/\/waelty.ch\/cm\/index.php?rest_route=\/wp\/v2\/types\/post"}],"author":[{"embeddable":true,"href":"https:\/\/waelty.ch\/cm\/index.php?rest_route=\/wp\/v2\/users\/1"}],"replies":[{"embeddable":true,"href":"https:\/\/waelty.ch\/cm\/index.php?rest_route=%2Fwp%2Fv2%2Fcomments&post=1646"}],"version-history":[{"count":0,"href":"https:\/\/waelty.ch\/cm\/index.php?rest_route=\/wp\/v2\/posts\/1646\/revisions"}],"wp:attachment":[{"href":"https:\/\/waelty.ch\/cm\/index.php?rest_route=%2Fwp%2Fv2%2Fmedia&parent=1646"}],"wp:term":[{"taxonomy":"category","embeddable":true,"href":"https:\/\/waelty.ch\/cm\/index.php?rest_route=%2Fwp%2Fv2%2Fcategories&post=1646"},{"taxonomy":"post_tag","embeddable":true,"href":"https:\/\/waelty.ch\/cm\/index.php?rest_route=%2Fwp%2Fv2%2Ftags&post=1646"}],"curies":[{"name":"wp","href":"https:\/\/api.w.org\/{rel}","templated":true}]}}