{"id":1640,"date":"2016-10-30T07:00:36","date_gmt":"2016-10-30T06:00:36","guid":{"rendered":"http:\/\/www.fotointern.ch\/?p=131403"},"modified":"2016-10-30T07:00:36","modified_gmt":"2016-10-30T06:00:36","slug":"30-jahre-profot-im-dienste-der-fotografie-und-der-werbetechnik","status":"publish","type":"post","link":"http:\/\/feedproxy.google.com\/~r\/fotointern\/~3\/jGmZJLBr_fs\/","title":{"rendered":"30 Jahre Profot \u2013 im Dienste der Fotografie und der Werbetechnik"},"content":{"rendered":"<p>Die Firma Profot AG feiert just am 4. November 2016 mit ihrem Open House das 30j\u00e4hrige Bestehen. Wir gratulieren dazu nicht nur herzlich, sondern nehmen auch die Gelegenheit wahr, einige leitende Pers\u00f6nlichkeiten von Profot zu Geschichte, Gegenwart und Zukunft zu befragen. &#160; Albert Sigrist, Gr\u00fcnder der Profot AG Herr Sigrist, Profot ist 30 Jahre alt. [&#8230;]<img loading=\"lazy\" decoding=\"async\" src=\"http:\/\/feeds.feedburner.com\/~r\/fotointern\/~4\/jGmZJLBr_fs\" height=\"1\" width=\"1\" alt=\"\"\/> <\/p>\n","protected":false},"excerpt":{"rendered":"<p>Die Firma Profot AG feiert just am 4. November 2016 mit ihrem Open House das 30j\u00e4hrige Bestehen. Wir gratulieren dazu nicht nur herzlich, sondern nehmen auch die Gelegenheit wahr, einige leitende Pers\u00f6nlichkeiten von Profot zu Geschichte, Gegenwart und Zukunft zu befragen. &#160; Albert Sigrist, Gr\u00fcnder der Profot AG Herr Sigrist, Profot ist 30 Jahre alt. [&#8230;]<img loading=\"lazy\" decoding=\"async\" src=\"http:\/\/feeds.feedburner.com\/~r\/fotointern\/~4\/jGmZJLBr_fs\" height=\"1\" width=\"1\" alt=\"\"\/> <\/p>\n","protected":false},"author":1,"featured_media":0,"comment_status":"open","ping_status":"closed","sticky":false,"template":"","format":"standard","meta":{"_exactmetrics_skip_tracking":false,"_exactmetrics_sitenote_active":false,"_exactmetrics_sitenote_note":"","_exactmetrics_sitenote_category":0,"footnotes":""},"categories":[9],"tags":[],"class_list":["post-1640","post","type-post","status-publish","format-standard","hentry","category-foto-news-extern"],"_links":{"self":[{"href":"https:\/\/waelty.ch\/cm\/index.php?rest_route=\/wp\/v2\/posts\/1640","targetHints":{"allow":["GET"]}}],"collection":[{"href":"https:\/\/waelty.ch\/cm\/index.php?rest_route=\/wp\/v2\/posts"}],"about":[{"href":"https:\/\/waelty.ch\/cm\/index.php?rest_route=\/wp\/v2\/types\/post"}],"author":[{"embeddable":true,"href":"https:\/\/waelty.ch\/cm\/index.php?rest_route=\/wp\/v2\/users\/1"}],"replies":[{"embeddable":true,"href":"https:\/\/waelty.ch\/cm\/index.php?rest_route=%2Fwp%2Fv2%2Fcomments&post=1640"}],"version-history":[{"count":0,"href":"https:\/\/waelty.ch\/cm\/index.php?rest_route=\/wp\/v2\/posts\/1640\/revisions"}],"wp:attachment":[{"href":"https:\/\/waelty.ch\/cm\/index.php?rest_route=%2Fwp%2Fv2%2Fmedia&parent=1640"}],"wp:term":[{"taxonomy":"category","embeddable":true,"href":"https:\/\/waelty.ch\/cm\/index.php?rest_route=%2Fwp%2Fv2%2Fcategories&post=1640"},{"taxonomy":"post_tag","embeddable":true,"href":"https:\/\/waelty.ch\/cm\/index.php?rest_route=%2Fwp%2Fv2%2Ftags&post=1640"}],"curies":[{"name":"wp","href":"https:\/\/api.w.org\/{rel}","templated":true}]}}