{"id":1635,"date":"2016-10-29T17:00:53","date_gmt":"2016-10-29T15:00:53","guid":{"rendered":"http:\/\/www.fotointern.ch\/?p=130176"},"modified":"2016-10-29T17:00:53","modified_gmt":"2016-10-29T15:00:53","slug":"fujifilm-gfx-50s-eindruecke-eines-hands-on-der-spiegellosen-mittelfomatkamera","status":"publish","type":"post","link":"http:\/\/feedproxy.google.com\/~r\/fotointern\/~3\/fcqYteS-DG0\/","title":{"rendered":"Fujifilm GFX 50S: Eindr\u00fccke eines Hands-on der spiegellosen Mittelfomatkamera"},"content":{"rendered":"<p>Das Highlight der Photokina 2016 stammt von Fujifilm und war die Ank\u00fcndigung ihres Mittelformatsystems bestehend aus einer spiegellosen Systemkamera sowie sechs Objektiven. Wir hatten an der Messe die Gelegenheit einen Prototypen in die Hand zu nehmen. Hier folgen einige pers\u00f6nliche Eindr\u00fccke von Markus Zitt zur Kamera anl\u00e4sslich des Hands-on sowie Fakten und Mutmassungen zu einer [&#8230;]<img loading=\"lazy\" decoding=\"async\" src=\"http:\/\/feeds.feedburner.com\/~r\/fotointern\/~4\/fcqYteS-DG0\" height=\"1\" width=\"1\" alt=\"\"\/> <\/p>\n","protected":false},"excerpt":{"rendered":"<p>Das Highlight der Photokina 2016 stammt von Fujifilm und war die Ank\u00fcndigung ihres Mittelformatsystems bestehend aus einer spiegellosen Systemkamera sowie sechs Objektiven. Wir hatten an der Messe die Gelegenheit einen Prototypen in die Hand zu nehmen. Hier folgen einige pers\u00f6nliche Eindr\u00fccke von Markus Zitt zur Kamera anl\u00e4sslich des Hands-on sowie Fakten und Mutmassungen zu einer [&#8230;]<img loading=\"lazy\" decoding=\"async\" src=\"http:\/\/feeds.feedburner.com\/~r\/fotointern\/~4\/fcqYteS-DG0\" height=\"1\" width=\"1\" alt=\"\"\/> <\/p>\n","protected":false},"author":1,"featured_media":0,"comment_status":"open","ping_status":"closed","sticky":false,"template":"","format":"standard","meta":{"_exactmetrics_skip_tracking":false,"_exactmetrics_sitenote_active":false,"_exactmetrics_sitenote_note":"","_exactmetrics_sitenote_category":0,"footnotes":""},"categories":[9],"tags":[],"class_list":["post-1635","post","type-post","status-publish","format-standard","hentry","category-foto-news-extern"],"_links":{"self":[{"href":"https:\/\/waelty.ch\/cm\/index.php?rest_route=\/wp\/v2\/posts\/1635","targetHints":{"allow":["GET"]}}],"collection":[{"href":"https:\/\/waelty.ch\/cm\/index.php?rest_route=\/wp\/v2\/posts"}],"about":[{"href":"https:\/\/waelty.ch\/cm\/index.php?rest_route=\/wp\/v2\/types\/post"}],"author":[{"embeddable":true,"href":"https:\/\/waelty.ch\/cm\/index.php?rest_route=\/wp\/v2\/users\/1"}],"replies":[{"embeddable":true,"href":"https:\/\/waelty.ch\/cm\/index.php?rest_route=%2Fwp%2Fv2%2Fcomments&post=1635"}],"version-history":[{"count":0,"href":"https:\/\/waelty.ch\/cm\/index.php?rest_route=\/wp\/v2\/posts\/1635\/revisions"}],"wp:attachment":[{"href":"https:\/\/waelty.ch\/cm\/index.php?rest_route=%2Fwp%2Fv2%2Fmedia&parent=1635"}],"wp:term":[{"taxonomy":"category","embeddable":true,"href":"https:\/\/waelty.ch\/cm\/index.php?rest_route=%2Fwp%2Fv2%2Fcategories&post=1635"},{"taxonomy":"post_tag","embeddable":true,"href":"https:\/\/waelty.ch\/cm\/index.php?rest_route=%2Fwp%2Fv2%2Ftags&post=1635"}],"curies":[{"name":"wp","href":"https:\/\/api.w.org\/{rel}","templated":true}]}}