{"id":1629,"date":"2016-10-28T08:00:42","date_gmt":"2016-10-28T06:00:42","guid":{"rendered":"http:\/\/www.fotointern.ch\/?p=131263"},"modified":"2016-10-28T08:00:42","modified_gmt":"2016-10-28T06:00:42","slug":"neue-macbook-pro-modelle-mit-coolem-touch-bar-und-neuen-anschluessen","status":"publish","type":"post","link":"http:\/\/feedproxy.google.com\/~r\/fotointern\/~3\/G073GXe3M7o\/","title":{"rendered":"Neue \u00abMacBook Pro\u00bb-Modelle: mit coolem Touch Bar und neuen Anschl\u00fcssen"},"content":{"rendered":"<p>Apple hat nach l\u00e4ngerer Zeit ihre 13- und 15-Zoll-Notebooks der \u00abMacBook Pro\u00bb-Reihe \u00fcberarbeitet. Im d\u00fcnneren Alu-Geh\u00e4use steckt ein helleres Retina-Display mit gr\u00f6sserem Farbraum und als innovativstes, neues Element die Touch Bar. Letzteres ist eine l\u00e4ngliche Multi-Touch-Anzeige anstelle der Funktionstastenzeile, die ihre Anzeige und Funktion je nach aktuellem Programm anpasst. Das d\u00fcnnere Geh\u00e4use mit kombinierten USB-C-\/Thunderbolt-3-Anschl\u00fcssen [&#8230;]<img loading=\"lazy\" decoding=\"async\" src=\"http:\/\/feeds.feedburner.com\/~r\/fotointern\/~4\/G073GXe3M7o\" height=\"1\" width=\"1\" alt=\"\"\/> <\/p>\n","protected":false},"excerpt":{"rendered":"<p>Apple hat nach l\u00e4ngerer Zeit ihre 13- und 15-Zoll-Notebooks der \u00abMacBook Pro\u00bb-Reihe \u00fcberarbeitet. Im d\u00fcnneren Alu-Geh\u00e4use steckt ein helleres Retina-Display mit gr\u00f6sserem Farbraum und als innovativstes, neues Element die Touch Bar. Letzteres ist eine l\u00e4ngliche Multi-Touch-Anzeige anstelle der Funktionstastenzeile, die ihre Anzeige und Funktion je nach aktuellem Programm anpasst. Das d\u00fcnnere Geh\u00e4use mit kombinierten USB-C-\/Thunderbolt-3-Anschl\u00fcssen [&#8230;]<img loading=\"lazy\" decoding=\"async\" src=\"http:\/\/feeds.feedburner.com\/~r\/fotointern\/~4\/G073GXe3M7o\" height=\"1\" width=\"1\" alt=\"\"\/> <\/p>\n","protected":false},"author":1,"featured_media":0,"comment_status":"open","ping_status":"closed","sticky":false,"template":"","format":"standard","meta":{"_exactmetrics_skip_tracking":false,"_exactmetrics_sitenote_active":false,"_exactmetrics_sitenote_note":"","_exactmetrics_sitenote_category":0,"footnotes":""},"categories":[9],"tags":[],"class_list":["post-1629","post","type-post","status-publish","format-standard","hentry","category-foto-news-extern"],"_links":{"self":[{"href":"https:\/\/waelty.ch\/cm\/index.php?rest_route=\/wp\/v2\/posts\/1629","targetHints":{"allow":["GET"]}}],"collection":[{"href":"https:\/\/waelty.ch\/cm\/index.php?rest_route=\/wp\/v2\/posts"}],"about":[{"href":"https:\/\/waelty.ch\/cm\/index.php?rest_route=\/wp\/v2\/types\/post"}],"author":[{"embeddable":true,"href":"https:\/\/waelty.ch\/cm\/index.php?rest_route=\/wp\/v2\/users\/1"}],"replies":[{"embeddable":true,"href":"https:\/\/waelty.ch\/cm\/index.php?rest_route=%2Fwp%2Fv2%2Fcomments&post=1629"}],"version-history":[{"count":0,"href":"https:\/\/waelty.ch\/cm\/index.php?rest_route=\/wp\/v2\/posts\/1629\/revisions"}],"wp:attachment":[{"href":"https:\/\/waelty.ch\/cm\/index.php?rest_route=%2Fwp%2Fv2%2Fmedia&parent=1629"}],"wp:term":[{"taxonomy":"category","embeddable":true,"href":"https:\/\/waelty.ch\/cm\/index.php?rest_route=%2Fwp%2Fv2%2Fcategories&post=1629"},{"taxonomy":"post_tag","embeddable":true,"href":"https:\/\/waelty.ch\/cm\/index.php?rest_route=%2Fwp%2Fv2%2Ftags&post=1629"}],"curies":[{"name":"wp","href":"https:\/\/api.w.org\/{rel}","templated":true}]}}