{"id":1621,"date":"2016-10-27T09:12:42","date_gmt":"2016-10-27T07:12:42","guid":{"rendered":"http:\/\/www.fotointern.ch\/?p=131231"},"modified":"2016-10-27T09:12:42","modified_gmt":"2016-10-27T07:12:42","slug":"kunst-16-zuerich-auch-fotografie","status":"publish","type":"post","link":"http:\/\/feedproxy.google.com\/~r\/fotointern\/~3\/Juis67fVOZA\/","title":{"rendered":"Kunst 16 Z\u00fcrich: Auch Fotografie \u2026"},"content":{"rendered":"<p>Bereits zum 22. Mal \u00f6ffnet die Kunst Z\u00fcrich ihre T\u00fcren von heute, 27. bis Sonntag, 30. Oktober 2016. Rund 60 Galerien aus der Schweiz und dem Ausland pr\u00e4sentieren verschiedenste Positionen, von Multimedia \u00fcber Fotografie und Installationen bis zu den klassischen Ausdrucksformen von Malerei und Skulptur. Allerdings: Fotografien gibt es weniger als letztes Jahr. &#160; In [&#8230;]<img loading=\"lazy\" decoding=\"async\" src=\"http:\/\/feeds.feedburner.com\/~r\/fotointern\/~4\/Juis67fVOZA\" height=\"1\" width=\"1\" alt=\"\"\/> <\/p>\n","protected":false},"excerpt":{"rendered":"<p>Bereits zum 22. Mal \u00f6ffnet die Kunst Z\u00fcrich ihre T\u00fcren von heute, 27. bis Sonntag, 30. Oktober 2016. Rund 60 Galerien aus der Schweiz und dem Ausland pr\u00e4sentieren verschiedenste Positionen, von Multimedia \u00fcber Fotografie und Installationen bis zu den klassischen Ausdrucksformen von Malerei und Skulptur. Allerdings: Fotografien gibt es weniger als letztes Jahr. &#160; In [&#8230;]<img loading=\"lazy\" decoding=\"async\" src=\"http:\/\/feeds.feedburner.com\/~r\/fotointern\/~4\/Juis67fVOZA\" height=\"1\" width=\"1\" alt=\"\"\/> <\/p>\n","protected":false},"author":1,"featured_media":0,"comment_status":"open","ping_status":"closed","sticky":false,"template":"","format":"standard","meta":{"_exactmetrics_skip_tracking":false,"_exactmetrics_sitenote_active":false,"_exactmetrics_sitenote_note":"","_exactmetrics_sitenote_category":0,"footnotes":""},"categories":[9],"tags":[],"class_list":["post-1621","post","type-post","status-publish","format-standard","hentry","category-foto-news-extern"],"_links":{"self":[{"href":"https:\/\/waelty.ch\/cm\/index.php?rest_route=\/wp\/v2\/posts\/1621","targetHints":{"allow":["GET"]}}],"collection":[{"href":"https:\/\/waelty.ch\/cm\/index.php?rest_route=\/wp\/v2\/posts"}],"about":[{"href":"https:\/\/waelty.ch\/cm\/index.php?rest_route=\/wp\/v2\/types\/post"}],"author":[{"embeddable":true,"href":"https:\/\/waelty.ch\/cm\/index.php?rest_route=\/wp\/v2\/users\/1"}],"replies":[{"embeddable":true,"href":"https:\/\/waelty.ch\/cm\/index.php?rest_route=%2Fwp%2Fv2%2Fcomments&post=1621"}],"version-history":[{"count":0,"href":"https:\/\/waelty.ch\/cm\/index.php?rest_route=\/wp\/v2\/posts\/1621\/revisions"}],"wp:attachment":[{"href":"https:\/\/waelty.ch\/cm\/index.php?rest_route=%2Fwp%2Fv2%2Fmedia&parent=1621"}],"wp:term":[{"taxonomy":"category","embeddable":true,"href":"https:\/\/waelty.ch\/cm\/index.php?rest_route=%2Fwp%2Fv2%2Fcategories&post=1621"},{"taxonomy":"post_tag","embeddable":true,"href":"https:\/\/waelty.ch\/cm\/index.php?rest_route=%2Fwp%2Fv2%2Ftags&post=1621"}],"curies":[{"name":"wp","href":"https:\/\/api.w.org\/{rel}","templated":true}]}}