{"id":1620,"date":"2016-10-27T13:00:21","date_gmt":"2016-10-27T11:00:21","guid":{"rendered":"http:\/\/www.fotointern.ch\/?p=131250"},"modified":"2016-10-27T13:00:21","modified_gmt":"2016-10-27T11:00:21","slug":"foto-zumstein-open-days-noch-wenige-plaetze-frei","status":"publish","type":"post","link":"http:\/\/feedproxy.google.com\/~r\/fotointern\/~3\/U9hpeSV78LQ\/","title":{"rendered":"Foto Zumstein Open Days: Noch wenige Pl\u00e4tze frei"},"content":{"rendered":"<p>Am Freitag 28. und Samstag 29. Oktober 2016 f\u00fchrt Foto Zumstein in Bern wiederum die j\u00e4hrlichen Open Days durch. Mehr als 20 der bedeutendsten Fotomarken zeigen ihre Photokina- und IBC-Neuheiten. Gleichzeitig finden verschiedene Workshops und Vortr\u00e4ge statt \u2013 Einige davon sind gratis! Noch sind wenige Pl\u00e4tze frei \u00a0\u2013 deshalb jetzt gleich anmelden. &#160; An den [&#8230;]<img loading=\"lazy\" decoding=\"async\" src=\"http:\/\/feeds.feedburner.com\/~r\/fotointern\/~4\/U9hpeSV78LQ\" height=\"1\" width=\"1\" alt=\"\"\/> <\/p>\n","protected":false},"excerpt":{"rendered":"<p>Am Freitag 28. und Samstag 29. Oktober 2016 f\u00fchrt Foto Zumstein in Bern wiederum die j\u00e4hrlichen Open Days durch. Mehr als 20 der bedeutendsten Fotomarken zeigen ihre Photokina- und IBC-Neuheiten. Gleichzeitig finden verschiedene Workshops und Vortr\u00e4ge statt \u2013 Einige davon sind gratis! Noch sind wenige Pl\u00e4tze frei \u00a0\u2013 deshalb jetzt gleich anmelden. &#160; An den [&#8230;]<img loading=\"lazy\" decoding=\"async\" src=\"http:\/\/feeds.feedburner.com\/~r\/fotointern\/~4\/U9hpeSV78LQ\" height=\"1\" width=\"1\" alt=\"\"\/> <\/p>\n","protected":false},"author":1,"featured_media":0,"comment_status":"open","ping_status":"closed","sticky":false,"template":"","format":"standard","meta":{"_exactmetrics_skip_tracking":false,"_exactmetrics_sitenote_active":false,"_exactmetrics_sitenote_note":"","_exactmetrics_sitenote_category":0,"footnotes":""},"categories":[9],"tags":[],"class_list":["post-1620","post","type-post","status-publish","format-standard","hentry","category-foto-news-extern"],"_links":{"self":[{"href":"https:\/\/waelty.ch\/cm\/index.php?rest_route=\/wp\/v2\/posts\/1620","targetHints":{"allow":["GET"]}}],"collection":[{"href":"https:\/\/waelty.ch\/cm\/index.php?rest_route=\/wp\/v2\/posts"}],"about":[{"href":"https:\/\/waelty.ch\/cm\/index.php?rest_route=\/wp\/v2\/types\/post"}],"author":[{"embeddable":true,"href":"https:\/\/waelty.ch\/cm\/index.php?rest_route=\/wp\/v2\/users\/1"}],"replies":[{"embeddable":true,"href":"https:\/\/waelty.ch\/cm\/index.php?rest_route=%2Fwp%2Fv2%2Fcomments&post=1620"}],"version-history":[{"count":0,"href":"https:\/\/waelty.ch\/cm\/index.php?rest_route=\/wp\/v2\/posts\/1620\/revisions"}],"wp:attachment":[{"href":"https:\/\/waelty.ch\/cm\/index.php?rest_route=%2Fwp%2Fv2%2Fmedia&parent=1620"}],"wp:term":[{"taxonomy":"category","embeddable":true,"href":"https:\/\/waelty.ch\/cm\/index.php?rest_route=%2Fwp%2Fv2%2Fcategories&post=1620"},{"taxonomy":"post_tag","embeddable":true,"href":"https:\/\/waelty.ch\/cm\/index.php?rest_route=%2Fwp%2Fv2%2Ftags&post=1620"}],"curies":[{"name":"wp","href":"https:\/\/api.w.org\/{rel}","templated":true}]}}