{"id":1613,"date":"2016-10-26T13:00:13","date_gmt":"2016-10-26T11:00:13","guid":{"rendered":"http:\/\/www.fotointern.ch\/?p=131200"},"modified":"2016-10-26T13:00:13","modified_gmt":"2016-10-26T11:00:13","slug":"action-cam-topmodell-goxtreme-black-hawk-4k-jetzt-erhaeltlich","status":"publish","type":"post","link":"http:\/\/feedproxy.google.com\/~r\/fotointern\/~3\/bwy7WtRDJg0\/","title":{"rendered":"Action Cam Topmodell: GoXtreme Black Hawk 4K jetzt erh\u00e4ltlich"},"content":{"rendered":"<p>Anfangs Sommer hatte Easypix drei Modelle ihrer neue Generation von Action Cams f\u00fcr Juli angek\u00fcndet. Nach einer l\u00e4ngeren Verz\u00f6gerung ist nun auch die GoXtreme Black Hawk 4K, das Topmodell mit UHD-Aufl\u00f6sung, verf\u00fcgbar. rd zu einer unvebindlichen Preisempfehlung 329 Franken (UVP) . &#160; Zum Sommerauftrakt hat die deutscher Herstellerin Easypix eine neue Generation ihrer Action Cams [&#8230;]<img loading=\"lazy\" decoding=\"async\" src=\"http:\/\/feeds.feedburner.com\/~r\/fotointern\/~4\/bwy7WtRDJg0\" height=\"1\" width=\"1\" alt=\"\"\/> <\/p>\n","protected":false},"excerpt":{"rendered":"<p>Anfangs Sommer hatte Easypix drei Modelle ihrer neue Generation von Action Cams f\u00fcr Juli angek\u00fcndet. Nach einer l\u00e4ngeren Verz\u00f6gerung ist nun auch die GoXtreme Black Hawk 4K, das Topmodell mit UHD-Aufl\u00f6sung, verf\u00fcgbar. rd zu einer unvebindlichen Preisempfehlung 329 Franken (UVP) . &#160; Zum Sommerauftrakt hat die deutscher Herstellerin Easypix eine neue Generation ihrer Action Cams [&#8230;]<img loading=\"lazy\" decoding=\"async\" src=\"http:\/\/feeds.feedburner.com\/~r\/fotointern\/~4\/bwy7WtRDJg0\" height=\"1\" width=\"1\" alt=\"\"\/> <\/p>\n","protected":false},"author":1,"featured_media":0,"comment_status":"open","ping_status":"closed","sticky":false,"template":"","format":"standard","meta":{"_exactmetrics_skip_tracking":false,"_exactmetrics_sitenote_active":false,"_exactmetrics_sitenote_note":"","_exactmetrics_sitenote_category":0,"footnotes":""},"categories":[9],"tags":[],"class_list":["post-1613","post","type-post","status-publish","format-standard","hentry","category-foto-news-extern"],"_links":{"self":[{"href":"https:\/\/waelty.ch\/cm\/index.php?rest_route=\/wp\/v2\/posts\/1613","targetHints":{"allow":["GET"]}}],"collection":[{"href":"https:\/\/waelty.ch\/cm\/index.php?rest_route=\/wp\/v2\/posts"}],"about":[{"href":"https:\/\/waelty.ch\/cm\/index.php?rest_route=\/wp\/v2\/types\/post"}],"author":[{"embeddable":true,"href":"https:\/\/waelty.ch\/cm\/index.php?rest_route=\/wp\/v2\/users\/1"}],"replies":[{"embeddable":true,"href":"https:\/\/waelty.ch\/cm\/index.php?rest_route=%2Fwp%2Fv2%2Fcomments&post=1613"}],"version-history":[{"count":0,"href":"https:\/\/waelty.ch\/cm\/index.php?rest_route=\/wp\/v2\/posts\/1613\/revisions"}],"wp:attachment":[{"href":"https:\/\/waelty.ch\/cm\/index.php?rest_route=%2Fwp%2Fv2%2Fmedia&parent=1613"}],"wp:term":[{"taxonomy":"category","embeddable":true,"href":"https:\/\/waelty.ch\/cm\/index.php?rest_route=%2Fwp%2Fv2%2Fcategories&post=1613"},{"taxonomy":"post_tag","embeddable":true,"href":"https:\/\/waelty.ch\/cm\/index.php?rest_route=%2Fwp%2Fv2%2Ftags&post=1613"}],"curies":[{"name":"wp","href":"https:\/\/api.w.org\/{rel}","templated":true}]}}