{"id":1612,"date":"2016-10-26T16:00:47","date_gmt":"2016-10-26T14:00:47","guid":{"rendered":"http:\/\/www.fotointern.ch\/?p=131188"},"modified":"2016-10-26T16:00:47","modified_gmt":"2016-10-26T14:00:47","slug":"am-freitagabend-ist-grosser-rampenverkauf-bei-lightbyte","status":"publish","type":"post","link":"http:\/\/feedproxy.google.com\/~r\/fotointern\/~3\/fYkytPwNpH8\/","title":{"rendered":"Am Freitagabend ist grosser Rampenverkauf bei Light+Byte"},"content":{"rendered":"<p>Am n\u00e4chsten Freitag, 28. Oktober 2016, findet von 19:00 bis 21:00 Uhr bei Light+Byte in Z\u00fcrich zum zehnten Mal der grosse Rampenverkauf statt. Dabei werden Auslaufmodelle, Vorf\u00fchrger\u00e4te und Occasionen zu vorteilhaften Konditionen angeboten. Vor der offiziellen T\u00fcr\u00f6ffnung gibt es wie immer Suppen, Getr\u00e4nke und Snacks. &#160; Der Rampenverkauf bei Light+Byte ist jedes Jahr \u2013 und [&#8230;]<img loading=\"lazy\" decoding=\"async\" src=\"http:\/\/feeds.feedburner.com\/~r\/fotointern\/~4\/fYkytPwNpH8\" height=\"1\" width=\"1\" alt=\"\"\/> <\/p>\n","protected":false},"excerpt":{"rendered":"<p>Am n\u00e4chsten Freitag, 28. Oktober 2016, findet von 19:00 bis 21:00 Uhr bei Light+Byte in Z\u00fcrich zum zehnten Mal der grosse Rampenverkauf statt. Dabei werden Auslaufmodelle, Vorf\u00fchrger\u00e4te und Occasionen zu vorteilhaften Konditionen angeboten. Vor der offiziellen T\u00fcr\u00f6ffnung gibt es wie immer Suppen, Getr\u00e4nke und Snacks. &#160; Der Rampenverkauf bei Light+Byte ist jedes Jahr \u2013 und [&#8230;]<img loading=\"lazy\" decoding=\"async\" src=\"http:\/\/feeds.feedburner.com\/~r\/fotointern\/~4\/fYkytPwNpH8\" height=\"1\" width=\"1\" alt=\"\"\/> <\/p>\n","protected":false},"author":1,"featured_media":0,"comment_status":"open","ping_status":"closed","sticky":false,"template":"","format":"standard","meta":{"_exactmetrics_skip_tracking":false,"_exactmetrics_sitenote_active":false,"_exactmetrics_sitenote_note":"","_exactmetrics_sitenote_category":0,"footnotes":""},"categories":[9],"tags":[],"class_list":["post-1612","post","type-post","status-publish","format-standard","hentry","category-foto-news-extern"],"_links":{"self":[{"href":"https:\/\/waelty.ch\/cm\/index.php?rest_route=\/wp\/v2\/posts\/1612","targetHints":{"allow":["GET"]}}],"collection":[{"href":"https:\/\/waelty.ch\/cm\/index.php?rest_route=\/wp\/v2\/posts"}],"about":[{"href":"https:\/\/waelty.ch\/cm\/index.php?rest_route=\/wp\/v2\/types\/post"}],"author":[{"embeddable":true,"href":"https:\/\/waelty.ch\/cm\/index.php?rest_route=\/wp\/v2\/users\/1"}],"replies":[{"embeddable":true,"href":"https:\/\/waelty.ch\/cm\/index.php?rest_route=%2Fwp%2Fv2%2Fcomments&post=1612"}],"version-history":[{"count":0,"href":"https:\/\/waelty.ch\/cm\/index.php?rest_route=\/wp\/v2\/posts\/1612\/revisions"}],"wp:attachment":[{"href":"https:\/\/waelty.ch\/cm\/index.php?rest_route=%2Fwp%2Fv2%2Fmedia&parent=1612"}],"wp:term":[{"taxonomy":"category","embeddable":true,"href":"https:\/\/waelty.ch\/cm\/index.php?rest_route=%2Fwp%2Fv2%2Fcategories&post=1612"},{"taxonomy":"post_tag","embeddable":true,"href":"https:\/\/waelty.ch\/cm\/index.php?rest_route=%2Fwp%2Fv2%2Ftags&post=1612"}],"curies":[{"name":"wp","href":"https:\/\/api.w.org\/{rel}","templated":true}]}}