{"id":1606,"date":"2016-10-25T11:00:42","date_gmt":"2016-10-25T09:00:42","guid":{"rendered":"http:\/\/www.fotointern.ch\/?p=131111"},"modified":"2016-10-25T11:00:42","modified_gmt":"2016-10-25T09:00:42","slug":"neue-kabelfernausloesern-von-rollei-bis-zu-100-stunden-im-voraus-programmieren","status":"publish","type":"post","link":"http:\/\/feedproxy.google.com\/~r\/fotointern\/~3\/71AvsYg-lFI\/","title":{"rendered":"Neue Kabelfernausl\u00f6sern von Rollei \u2013 bis zu 100 Stunden im Voraus programmieren"},"content":{"rendered":"<p>Bei Langzeitbelichtungen sind Kabelfernausl\u00f6ser n\u00fctzliche Zubeh\u00f6re. Jetzt hat Rollei ein neues, preisg\u00fcnstiges Modell herausgebracht, mit dem nicht nur die Belichtungsdauer von einer Sekunde bis 100 Stunden eingestellt werden kann, sondern auch jeder beliebige Intervall f\u00fcr spannende Serienbilder. Das beleuchtbare Display ist bei Nachtaufnahmen praktisch. &#160; Die Rollei Kabelfernausl\u00f6ser f\u00fcr Sony-, Nikon- oder Canon-Kameras zeichnen sich [&#8230;]<img loading=\"lazy\" decoding=\"async\" src=\"http:\/\/feeds.feedburner.com\/~r\/fotointern\/~4\/71AvsYg-lFI\" height=\"1\" width=\"1\" alt=\"\"\/> <\/p>\n","protected":false},"excerpt":{"rendered":"<p>Bei Langzeitbelichtungen sind Kabelfernausl\u00f6ser n\u00fctzliche Zubeh\u00f6re. Jetzt hat Rollei ein neues, preisg\u00fcnstiges Modell herausgebracht, mit dem nicht nur die Belichtungsdauer von einer Sekunde bis 100 Stunden eingestellt werden kann, sondern auch jeder beliebige Intervall f\u00fcr spannende Serienbilder. Das beleuchtbare Display ist bei Nachtaufnahmen praktisch. &#160; Die Rollei Kabelfernausl\u00f6ser f\u00fcr Sony-, Nikon- oder Canon-Kameras zeichnen sich [&#8230;]<img loading=\"lazy\" decoding=\"async\" src=\"http:\/\/feeds.feedburner.com\/~r\/fotointern\/~4\/71AvsYg-lFI\" height=\"1\" width=\"1\" alt=\"\"\/> <\/p>\n","protected":false},"author":1,"featured_media":0,"comment_status":"open","ping_status":"closed","sticky":false,"template":"","format":"standard","meta":{"_exactmetrics_skip_tracking":false,"_exactmetrics_sitenote_active":false,"_exactmetrics_sitenote_note":"","_exactmetrics_sitenote_category":0,"footnotes":""},"categories":[9],"tags":[],"class_list":["post-1606","post","type-post","status-publish","format-standard","hentry","category-foto-news-extern"],"_links":{"self":[{"href":"https:\/\/waelty.ch\/cm\/index.php?rest_route=\/wp\/v2\/posts\/1606","targetHints":{"allow":["GET"]}}],"collection":[{"href":"https:\/\/waelty.ch\/cm\/index.php?rest_route=\/wp\/v2\/posts"}],"about":[{"href":"https:\/\/waelty.ch\/cm\/index.php?rest_route=\/wp\/v2\/types\/post"}],"author":[{"embeddable":true,"href":"https:\/\/waelty.ch\/cm\/index.php?rest_route=\/wp\/v2\/users\/1"}],"replies":[{"embeddable":true,"href":"https:\/\/waelty.ch\/cm\/index.php?rest_route=%2Fwp%2Fv2%2Fcomments&post=1606"}],"version-history":[{"count":0,"href":"https:\/\/waelty.ch\/cm\/index.php?rest_route=\/wp\/v2\/posts\/1606\/revisions"}],"wp:attachment":[{"href":"https:\/\/waelty.ch\/cm\/index.php?rest_route=%2Fwp%2Fv2%2Fmedia&parent=1606"}],"wp:term":[{"taxonomy":"category","embeddable":true,"href":"https:\/\/waelty.ch\/cm\/index.php?rest_route=%2Fwp%2Fv2%2Fcategories&post=1606"},{"taxonomy":"post_tag","embeddable":true,"href":"https:\/\/waelty.ch\/cm\/index.php?rest_route=%2Fwp%2Fv2%2Ftags&post=1606"}],"curies":[{"name":"wp","href":"https:\/\/api.w.org\/{rel}","templated":true}]}}