{"id":1602,"date":"2016-10-24T11:29:00","date_gmt":"2016-10-24T09:29:00","guid":{"rendered":"http:\/\/heise.de\/-3357762"},"modified":"2016-10-24T11:29:00","modified_gmt":"2016-10-24T09:29:00","slug":"mediathek-tipps-rund-um-das-thema-fotografie-kw-43","status":"publish","type":"post","link":"https:\/\/waelty.ch\/cm\/?p=1602","title":{"rendered":"Mediathek-Tipps rund um das Thema Fotografie (KW 43)"},"content":{"rendered":"<p><a href=\"http:\/\/www.heise.de\/foto\/artikel\/Mediathek-Tipps-rund-um-das-Thema-Fotografie-KW-43-3357762.html\"><img decoding=\"async\" src=\"http:\/\/www.heise.de\/scale\/geometry\/264\/q80\/\/foto\/imgs\/13\/1\/9\/1\/3\/4\/1\/7\/lindbergh-4255c8f421c29711.jpeg\" alt=\"\" \/><\/a><\/p>\n<p>Diesmal mit Beitr\u00e4gen \u00fcber einen der bedeutendsten Fotografen des 20. Jahrhunderts, den europ\u00e4ischen Monat der Fotografie, \u00fcber eine Ausstellung, &#8222;die knallt&#8220;, den Naturfotografen Ingo Arndt, den Modefotografen Peter Lindbergh, das Fotoprojekt &#8222;Wutanfall&#8220; und mehr.<\/p>\n","protected":false},"excerpt":{"rendered":"<p>Diesmal mit Beitr\u00e4gen \u00fcber einen der bedeutendsten Fotografen des 20. Jahrhunderts, den europ\u00e4ischen Monat der Fotografie, \u00fcber eine Ausstellung, &#8222;die knallt&#8220;, den Naturfotografen Ingo Arndt, den Modefotografen Peter Lindbergh, das Fotoprojekt &#8222;Wutanfall&#8220; und mehr. <\/p>\n","protected":false},"author":1,"featured_media":0,"comment_status":"open","ping_status":"closed","sticky":false,"template":"","format":"standard","meta":{"_exactmetrics_skip_tracking":false,"_exactmetrics_sitenote_active":false,"_exactmetrics_sitenote_note":"","_exactmetrics_sitenote_category":0,"footnotes":""},"categories":[9],"tags":[],"class_list":["post-1602","post","type-post","status-publish","format-standard","hentry","category-foto-news-extern"],"_links":{"self":[{"href":"https:\/\/waelty.ch\/cm\/index.php?rest_route=\/wp\/v2\/posts\/1602","targetHints":{"allow":["GET"]}}],"collection":[{"href":"https:\/\/waelty.ch\/cm\/index.php?rest_route=\/wp\/v2\/posts"}],"about":[{"href":"https:\/\/waelty.ch\/cm\/index.php?rest_route=\/wp\/v2\/types\/post"}],"author":[{"embeddable":true,"href":"https:\/\/waelty.ch\/cm\/index.php?rest_route=\/wp\/v2\/users\/1"}],"replies":[{"embeddable":true,"href":"https:\/\/waelty.ch\/cm\/index.php?rest_route=%2Fwp%2Fv2%2Fcomments&post=1602"}],"version-history":[{"count":0,"href":"https:\/\/waelty.ch\/cm\/index.php?rest_route=\/wp\/v2\/posts\/1602\/revisions"}],"wp:attachment":[{"href":"https:\/\/waelty.ch\/cm\/index.php?rest_route=%2Fwp%2Fv2%2Fmedia&parent=1602"}],"wp:term":[{"taxonomy":"category","embeddable":true,"href":"https:\/\/waelty.ch\/cm\/index.php?rest_route=%2Fwp%2Fv2%2Fcategories&post=1602"},{"taxonomy":"post_tag","embeddable":true,"href":"https:\/\/waelty.ch\/cm\/index.php?rest_route=%2Fwp%2Fv2%2Ftags&post=1602"}],"curies":[{"name":"wp","href":"https:\/\/api.w.org\/{rel}","templated":true}]}}