{"id":1594,"date":"2016-10-23T07:00:11","date_gmt":"2016-10-23T05:00:11","guid":{"rendered":"http:\/\/www.fotointern.ch\/?p=131022"},"modified":"2016-10-23T07:00:11","modified_gmt":"2016-10-23T05:00:11","slug":"80-jahre-foto-zumstein","status":"publish","type":"post","link":"http:\/\/feedproxy.google.com\/~r\/fotointern\/~3\/YYnpsSwZGqs\/","title":{"rendered":"80 Jahre Foto Zumstein"},"content":{"rendered":"<p>Foto Zumstein in Bern feiert sein 80j\u00e4hriges Bestehen und geh\u00f6rt damit zu den \u00e4ltesten Fotofachgesch\u00e4fte der Schweiz. Fotointern hat aus diesem Anlass den fr\u00fcheren Gesch\u00e4ftsinhaber Beat Zumstein und den heutigen Leiter Markus S\u00e4uberli zu R\u00fcckblick und Ausblick befragt. &#160; Beat Zumstein, Ihre fr\u00fchere Firma feiert heute das 80j\u00e4hrige Bestehen. Wie hatte das alles begonnen? Beat [&#8230;]<img loading=\"lazy\" decoding=\"async\" src=\"http:\/\/feeds.feedburner.com\/~r\/fotointern\/~4\/YYnpsSwZGqs\" height=\"1\" width=\"1\" alt=\"\"\/> <\/p>\n","protected":false},"excerpt":{"rendered":"<p>Foto Zumstein in Bern feiert sein 80j\u00e4hriges Bestehen und geh\u00f6rt damit zu den \u00e4ltesten Fotofachgesch\u00e4fte der Schweiz. Fotointern hat aus diesem Anlass den fr\u00fcheren Gesch\u00e4ftsinhaber Beat Zumstein und den heutigen Leiter Markus S\u00e4uberli zu R\u00fcckblick und Ausblick befragt. &#160; Beat Zumstein, Ihre fr\u00fchere Firma feiert heute das 80j\u00e4hrige Bestehen. Wie hatte das alles begonnen? Beat [&#8230;]<img loading=\"lazy\" decoding=\"async\" src=\"http:\/\/feeds.feedburner.com\/~r\/fotointern\/~4\/YYnpsSwZGqs\" height=\"1\" width=\"1\" alt=\"\"\/> <\/p>\n","protected":false},"author":1,"featured_media":0,"comment_status":"open","ping_status":"closed","sticky":false,"template":"","format":"standard","meta":{"_exactmetrics_skip_tracking":false,"_exactmetrics_sitenote_active":false,"_exactmetrics_sitenote_note":"","_exactmetrics_sitenote_category":0,"footnotes":""},"categories":[9],"tags":[],"class_list":["post-1594","post","type-post","status-publish","format-standard","hentry","category-foto-news-extern"],"_links":{"self":[{"href":"https:\/\/waelty.ch\/cm\/index.php?rest_route=\/wp\/v2\/posts\/1594","targetHints":{"allow":["GET"]}}],"collection":[{"href":"https:\/\/waelty.ch\/cm\/index.php?rest_route=\/wp\/v2\/posts"}],"about":[{"href":"https:\/\/waelty.ch\/cm\/index.php?rest_route=\/wp\/v2\/types\/post"}],"author":[{"embeddable":true,"href":"https:\/\/waelty.ch\/cm\/index.php?rest_route=\/wp\/v2\/users\/1"}],"replies":[{"embeddable":true,"href":"https:\/\/waelty.ch\/cm\/index.php?rest_route=%2Fwp%2Fv2%2Fcomments&post=1594"}],"version-history":[{"count":0,"href":"https:\/\/waelty.ch\/cm\/index.php?rest_route=\/wp\/v2\/posts\/1594\/revisions"}],"wp:attachment":[{"href":"https:\/\/waelty.ch\/cm\/index.php?rest_route=%2Fwp%2Fv2%2Fmedia&parent=1594"}],"wp:term":[{"taxonomy":"category","embeddable":true,"href":"https:\/\/waelty.ch\/cm\/index.php?rest_route=%2Fwp%2Fv2%2Fcategories&post=1594"},{"taxonomy":"post_tag","embeddable":true,"href":"https:\/\/waelty.ch\/cm\/index.php?rest_route=%2Fwp%2Fv2%2Ftags&post=1594"}],"curies":[{"name":"wp","href":"https:\/\/api.w.org\/{rel}","templated":true}]}}