{"id":1591,"date":"2016-10-22T09:00:46","date_gmt":"2016-10-22T07:00:46","guid":{"rendered":"http:\/\/www.fotointern.ch\/?p=131006"},"modified":"2016-10-22T09:00:46","modified_gmt":"2016-10-22T07:00:46","slug":"buchtipp-katja-snozzi-jahrhundertmenschen","status":"publish","type":"post","link":"http:\/\/feedproxy.google.com\/~r\/fotointern\/~3\/Tp4jJh1gMaA\/","title":{"rendered":"Buchtipp: Katja Snozzi \u00abJahrhundertmenschen\u00bb"},"content":{"rendered":"<p>Von Kaja Snozzi ist im Verlag Scheideger &#38; Spiess ein Bildband besonderer Art herausgekommen, der hundert Hundertj\u00e4hrige in beeindruckenden Bildern zeigt. Es sind hundert Leben, die zu uns sprechen, die ihre Geschichte in einem Gesichtsausdruck, in einem Augenblick, erz\u00e4hlen. Dazu kommen f\u00fcnf Texte, je einen in einer Landessprache, sowie das Vorwort von Alt-Bundesr\u00e4tin Ruth Dreifuss. [&#8230;]<img loading=\"lazy\" decoding=\"async\" src=\"http:\/\/feeds.feedburner.com\/~r\/fotointern\/~4\/Tp4jJh1gMaA\" height=\"1\" width=\"1\" alt=\"\"\/> <\/p>\n","protected":false},"excerpt":{"rendered":"<p>Von Kaja Snozzi ist im Verlag Scheideger &#38; Spiess ein Bildband besonderer Art herausgekommen, der hundert Hundertj\u00e4hrige in beeindruckenden Bildern zeigt. Es sind hundert Leben, die zu uns sprechen, die ihre Geschichte in einem Gesichtsausdruck, in einem Augenblick, erz\u00e4hlen. Dazu kommen f\u00fcnf Texte, je einen in einer Landessprache, sowie das Vorwort von Alt-Bundesr\u00e4tin Ruth Dreifuss. [&#8230;]<img loading=\"lazy\" decoding=\"async\" src=\"http:\/\/feeds.feedburner.com\/~r\/fotointern\/~4\/Tp4jJh1gMaA\" height=\"1\" width=\"1\" alt=\"\"\/> <\/p>\n","protected":false},"author":1,"featured_media":0,"comment_status":"open","ping_status":"closed","sticky":false,"template":"","format":"standard","meta":{"_exactmetrics_skip_tracking":false,"_exactmetrics_sitenote_active":false,"_exactmetrics_sitenote_note":"","_exactmetrics_sitenote_category":0,"footnotes":""},"categories":[9],"tags":[],"class_list":["post-1591","post","type-post","status-publish","format-standard","hentry","category-foto-news-extern"],"_links":{"self":[{"href":"https:\/\/waelty.ch\/cm\/index.php?rest_route=\/wp\/v2\/posts\/1591","targetHints":{"allow":["GET"]}}],"collection":[{"href":"https:\/\/waelty.ch\/cm\/index.php?rest_route=\/wp\/v2\/posts"}],"about":[{"href":"https:\/\/waelty.ch\/cm\/index.php?rest_route=\/wp\/v2\/types\/post"}],"author":[{"embeddable":true,"href":"https:\/\/waelty.ch\/cm\/index.php?rest_route=\/wp\/v2\/users\/1"}],"replies":[{"embeddable":true,"href":"https:\/\/waelty.ch\/cm\/index.php?rest_route=%2Fwp%2Fv2%2Fcomments&post=1591"}],"version-history":[{"count":0,"href":"https:\/\/waelty.ch\/cm\/index.php?rest_route=\/wp\/v2\/posts\/1591\/revisions"}],"wp:attachment":[{"href":"https:\/\/waelty.ch\/cm\/index.php?rest_route=%2Fwp%2Fv2%2Fmedia&parent=1591"}],"wp:term":[{"taxonomy":"category","embeddable":true,"href":"https:\/\/waelty.ch\/cm\/index.php?rest_route=%2Fwp%2Fv2%2Fcategories&post=1591"},{"taxonomy":"post_tag","embeddable":true,"href":"https:\/\/waelty.ch\/cm\/index.php?rest_route=%2Fwp%2Fv2%2Ftags&post=1591"}],"curies":[{"name":"wp","href":"https:\/\/api.w.org\/{rel}","templated":true}]}}