{"id":1588,"date":"2016-10-21T07:07:13","date_gmt":"2016-10-21T05:07:13","guid":{"rendered":"http:\/\/www.fotointern.ch\/?p=130979"},"modified":"2016-10-21T07:07:13","modified_gmt":"2016-10-21T05:07:13","slug":"fotofestival-rendez-vous-%e2%80%a2-image-in-strasbourg-jetzt-arbeiten-einsenden","status":"publish","type":"post","link":"http:\/\/feedproxy.google.com\/~r\/fotointern\/~3\/PgCB3LCNLBI\/","title":{"rendered":"Fotofestival \u00abRendez-vous \u2022 Image\u00bb in Strasbourg \u2013 jetzt Arbeiten einsenden"},"content":{"rendered":"<p>Bereits zum siebten Mal findet vom 27. bis 29. Januar 2017 das Fotofestival \u00abRendez-vous \u2022 Image\u00bb in Strasbourg statt, eine Leistungsschau f\u00fcr Fotografie, Fotob\u00fccher und Workshops. Der Wettbewerb steht allen Fotografen und Videoschaffenden offen, ohne Einschr\u00e4nkung von Nationalit\u00e4t, Berufsstatus oder Kreativstil. &#160; Die Ausstellung \u00abRendez-vous \u2022 Image\u00bb soll die aktuellen Tendenzen der Fotografie aufzeigen und [&#8230;]<img loading=\"lazy\" decoding=\"async\" src=\"http:\/\/feeds.feedburner.com\/~r\/fotointern\/~4\/PgCB3LCNLBI\" height=\"1\" width=\"1\" alt=\"\"\/> <\/p>\n","protected":false},"excerpt":{"rendered":"<p>Bereits zum siebten Mal findet vom 27. bis 29. Januar 2017 das Fotofestival \u00abRendez-vous \u2022 Image\u00bb in Strasbourg statt, eine Leistungsschau f\u00fcr Fotografie, Fotob\u00fccher und Workshops. Der Wettbewerb steht allen Fotografen und Videoschaffenden offen, ohne Einschr\u00e4nkung von Nationalit\u00e4t, Berufsstatus oder Kreativstil. &#160; Die Ausstellung \u00abRendez-vous \u2022 Image\u00bb soll die aktuellen Tendenzen der Fotografie aufzeigen und [&#8230;]<img loading=\"lazy\" decoding=\"async\" src=\"http:\/\/feeds.feedburner.com\/~r\/fotointern\/~4\/PgCB3LCNLBI\" height=\"1\" width=\"1\" alt=\"\"\/> <\/p>\n","protected":false},"author":1,"featured_media":0,"comment_status":"open","ping_status":"closed","sticky":false,"template":"","format":"standard","meta":{"_exactmetrics_skip_tracking":false,"_exactmetrics_sitenote_active":false,"_exactmetrics_sitenote_note":"","_exactmetrics_sitenote_category":0,"footnotes":""},"categories":[9],"tags":[],"class_list":["post-1588","post","type-post","status-publish","format-standard","hentry","category-foto-news-extern"],"_links":{"self":[{"href":"https:\/\/waelty.ch\/cm\/index.php?rest_route=\/wp\/v2\/posts\/1588","targetHints":{"allow":["GET"]}}],"collection":[{"href":"https:\/\/waelty.ch\/cm\/index.php?rest_route=\/wp\/v2\/posts"}],"about":[{"href":"https:\/\/waelty.ch\/cm\/index.php?rest_route=\/wp\/v2\/types\/post"}],"author":[{"embeddable":true,"href":"https:\/\/waelty.ch\/cm\/index.php?rest_route=\/wp\/v2\/users\/1"}],"replies":[{"embeddable":true,"href":"https:\/\/waelty.ch\/cm\/index.php?rest_route=%2Fwp%2Fv2%2Fcomments&post=1588"}],"version-history":[{"count":0,"href":"https:\/\/waelty.ch\/cm\/index.php?rest_route=\/wp\/v2\/posts\/1588\/revisions"}],"wp:attachment":[{"href":"https:\/\/waelty.ch\/cm\/index.php?rest_route=%2Fwp%2Fv2%2Fmedia&parent=1588"}],"wp:term":[{"taxonomy":"category","embeddable":true,"href":"https:\/\/waelty.ch\/cm\/index.php?rest_route=%2Fwp%2Fv2%2Fcategories&post=1588"},{"taxonomy":"post_tag","embeddable":true,"href":"https:\/\/waelty.ch\/cm\/index.php?rest_route=%2Fwp%2Fv2%2Ftags&post=1588"}],"curies":[{"name":"wp","href":"https:\/\/api.w.org\/{rel}","templated":true}]}}