{"id":1575,"date":"2016-10-20T09:00:45","date_gmt":"2016-10-20T07:00:45","guid":{"rendered":"http:\/\/www.fotointern.ch\/?p=130932"},"modified":"2016-10-20T09:00:45","modified_gmt":"2016-10-20T07:00:45","slug":"mit-der-fujifilm-x-t2-auf-lanzarote-ein-erfahrungsbericht","status":"publish","type":"post","link":"http:\/\/feedproxy.google.com\/~r\/fotointern\/~3\/kRnBru-gq5c\/","title":{"rendered":"Mit der Fujifilm X-T2 auf Lanzarote \u2013 ein Erfahrungsbericht"},"content":{"rendered":"<p>Ralf Turtschi hatte k\u00fcrzlich Gelegenheit mit der neuen Fujifilm X-T2 die Traumlandschaften auf Lanzarote zu fotografieren. Vulkane, W\u00fcste, Lava, Grotten, Meer, Wolken und weisse H\u00e4uschen waren dankbare und nicht ganz problemlose Motive f\u00fcr die Kamera mit den beiden Objektiven Fujinon XF 16\u201355 mm und XF 50\u2013140 mm. Hier seine Erfahrungen zur Kamera und zum Ferienparadies [&#8230;]<img loading=\"lazy\" decoding=\"async\" src=\"http:\/\/feeds.feedburner.com\/~r\/fotointern\/~4\/kRnBru-gq5c\" height=\"1\" width=\"1\" alt=\"\"\/> <\/p>\n","protected":false},"excerpt":{"rendered":"<p>Ralf Turtschi hatte k\u00fcrzlich Gelegenheit mit der neuen Fujifilm X-T2 die Traumlandschaften auf Lanzarote zu fotografieren. Vulkane, W\u00fcste, Lava, Grotten, Meer, Wolken und weisse H\u00e4uschen waren dankbare und nicht ganz problemlose Motive f\u00fcr die Kamera mit den beiden Objektiven Fujinon XF 16\u201355 mm und XF 50\u2013140 mm. Hier seine Erfahrungen zur Kamera und zum Ferienparadies [&#8230;]<img loading=\"lazy\" decoding=\"async\" src=\"http:\/\/feeds.feedburner.com\/~r\/fotointern\/~4\/kRnBru-gq5c\" height=\"1\" width=\"1\" alt=\"\"\/> <\/p>\n","protected":false},"author":1,"featured_media":0,"comment_status":"open","ping_status":"closed","sticky":false,"template":"","format":"standard","meta":{"_exactmetrics_skip_tracking":false,"_exactmetrics_sitenote_active":false,"_exactmetrics_sitenote_note":"","_exactmetrics_sitenote_category":0,"footnotes":""},"categories":[9],"tags":[],"class_list":["post-1575","post","type-post","status-publish","format-standard","hentry","category-foto-news-extern"],"_links":{"self":[{"href":"https:\/\/waelty.ch\/cm\/index.php?rest_route=\/wp\/v2\/posts\/1575","targetHints":{"allow":["GET"]}}],"collection":[{"href":"https:\/\/waelty.ch\/cm\/index.php?rest_route=\/wp\/v2\/posts"}],"about":[{"href":"https:\/\/waelty.ch\/cm\/index.php?rest_route=\/wp\/v2\/types\/post"}],"author":[{"embeddable":true,"href":"https:\/\/waelty.ch\/cm\/index.php?rest_route=\/wp\/v2\/users\/1"}],"replies":[{"embeddable":true,"href":"https:\/\/waelty.ch\/cm\/index.php?rest_route=%2Fwp%2Fv2%2Fcomments&post=1575"}],"version-history":[{"count":0,"href":"https:\/\/waelty.ch\/cm\/index.php?rest_route=\/wp\/v2\/posts\/1575\/revisions"}],"wp:attachment":[{"href":"https:\/\/waelty.ch\/cm\/index.php?rest_route=%2Fwp%2Fv2%2Fmedia&parent=1575"}],"wp:term":[{"taxonomy":"category","embeddable":true,"href":"https:\/\/waelty.ch\/cm\/index.php?rest_route=%2Fwp%2Fv2%2Fcategories&post=1575"},{"taxonomy":"post_tag","embeddable":true,"href":"https:\/\/waelty.ch\/cm\/index.php?rest_route=%2Fwp%2Fv2%2Ftags&post=1575"}],"curies":[{"name":"wp","href":"https:\/\/api.w.org\/{rel}","templated":true}]}}