{"id":1567,"date":"2016-10-19T07:43:38","date_gmt":"2016-10-19T05:43:38","guid":{"rendered":"http:\/\/www.fotointern.ch\/?p=130870"},"modified":"2016-10-19T07:43:38","modified_gmt":"2016-10-19T05:43:38","slug":"akvis-smartmask-9-0-einfacher-und-exakter-freistellen","status":"publish","type":"post","link":"http:\/\/feedproxy.google.com\/~r\/fotointern\/~3\/wChbCJpRNSE\/","title":{"rendered":"Akvis SmartMask 9.0: einfacher und exakter Freistellen"},"content":{"rendered":"<p>Akvis setzt eine Reihe von umfangreichen Updates fort und k\u00fcndigt SmartMask in der neuen Version 9.0 an. Die Software vereinfacht das Freistellen auch von schwierigen \u00dcberg\u00e4ngen und Nachbarfarbeffekten. Dazu gibt es gleich mehrere Verbesserungen, einschliesslich der neuen Chroma-Key- und Benutzerhintergrund-Modi sowie die Optimierung bereits bestehender Funktionen. &#160; Akvis SmartMask ist ein effizientes Maskierungswerkzeug, welche das [&#8230;]<img loading=\"lazy\" decoding=\"async\" src=\"http:\/\/feeds.feedburner.com\/~r\/fotointern\/~4\/wChbCJpRNSE\" height=\"1\" width=\"1\" alt=\"\"\/> <\/p>\n","protected":false},"excerpt":{"rendered":"<p>Akvis setzt eine Reihe von umfangreichen Updates fort und k\u00fcndigt SmartMask in der neuen Version 9.0 an. Die Software vereinfacht das Freistellen auch von schwierigen \u00dcberg\u00e4ngen und Nachbarfarbeffekten. Dazu gibt es gleich mehrere Verbesserungen, einschliesslich der neuen Chroma-Key- und Benutzerhintergrund-Modi sowie die Optimierung bereits bestehender Funktionen. &#160; Akvis SmartMask ist ein effizientes Maskierungswerkzeug, welche das [&#8230;]<img loading=\"lazy\" decoding=\"async\" src=\"http:\/\/feeds.feedburner.com\/~r\/fotointern\/~4\/wChbCJpRNSE\" height=\"1\" width=\"1\" alt=\"\"\/> <\/p>\n","protected":false},"author":1,"featured_media":0,"comment_status":"open","ping_status":"closed","sticky":false,"template":"","format":"standard","meta":{"_exactmetrics_skip_tracking":false,"_exactmetrics_sitenote_active":false,"_exactmetrics_sitenote_note":"","_exactmetrics_sitenote_category":0,"footnotes":""},"categories":[9],"tags":[],"class_list":["post-1567","post","type-post","status-publish","format-standard","hentry","category-foto-news-extern"],"_links":{"self":[{"href":"https:\/\/waelty.ch\/cm\/index.php?rest_route=\/wp\/v2\/posts\/1567","targetHints":{"allow":["GET"]}}],"collection":[{"href":"https:\/\/waelty.ch\/cm\/index.php?rest_route=\/wp\/v2\/posts"}],"about":[{"href":"https:\/\/waelty.ch\/cm\/index.php?rest_route=\/wp\/v2\/types\/post"}],"author":[{"embeddable":true,"href":"https:\/\/waelty.ch\/cm\/index.php?rest_route=\/wp\/v2\/users\/1"}],"replies":[{"embeddable":true,"href":"https:\/\/waelty.ch\/cm\/index.php?rest_route=%2Fwp%2Fv2%2Fcomments&post=1567"}],"version-history":[{"count":0,"href":"https:\/\/waelty.ch\/cm\/index.php?rest_route=\/wp\/v2\/posts\/1567\/revisions"}],"wp:attachment":[{"href":"https:\/\/waelty.ch\/cm\/index.php?rest_route=%2Fwp%2Fv2%2Fmedia&parent=1567"}],"wp:term":[{"taxonomy":"category","embeddable":true,"href":"https:\/\/waelty.ch\/cm\/index.php?rest_route=%2Fwp%2Fv2%2Fcategories&post=1567"},{"taxonomy":"post_tag","embeddable":true,"href":"https:\/\/waelty.ch\/cm\/index.php?rest_route=%2Fwp%2Fv2%2Ftags&post=1567"}],"curies":[{"name":"wp","href":"https:\/\/api.w.org\/{rel}","templated":true}]}}