{"id":1564,"date":"2016-10-19T15:37:54","date_gmt":"2016-10-19T13:37:54","guid":{"rendered":"http:\/\/www.fotointern.ch\/?p=130915"},"modified":"2016-10-19T15:37:54","modified_gmt":"2016-10-19T13:37:54","slug":"wiedergeburt-eines-klassikers-leica-legt-das-summaron-m-15628-mm-neu-auf","status":"publish","type":"post","link":"http:\/\/feedproxy.google.com\/~r\/fotointern\/~3\/ce4EARRFx94\/","title":{"rendered":"Wiedergeburt eines Klassikers: Leica legt das Summaron-M 1:5,6\/28 mm neu auf"},"content":{"rendered":"<p>Das Leica Summaron-M 1:5,6\/28 mm erinnert an die Fr\u00fchzeit der Leica-M. Das Objektiv war auf Grund seiner kurzen Bauweise und der idealen Weitwinkelbrennweite ein Klassiker f\u00fcr die unauff\u00e4llige Reportagefotografie. Nun wird es von Leica neu aufgelegt und \u00fcbertr\u00e4gt die damaligen Attribute ins Zeitalter der digitalen Fotografie. &#160; &#160; Mit dem Leica Summaron-M 1:5,6\/28 mm erweitert [&#8230;]<img loading=\"lazy\" decoding=\"async\" src=\"http:\/\/feeds.feedburner.com\/~r\/fotointern\/~4\/ce4EARRFx94\" height=\"1\" width=\"1\" alt=\"\"\/> <\/p>\n","protected":false},"excerpt":{"rendered":"<p>Das Leica Summaron-M 1:5,6\/28 mm erinnert an die Fr\u00fchzeit der Leica-M. Das Objektiv war auf Grund seiner kurzen Bauweise und der idealen Weitwinkelbrennweite ein Klassiker f\u00fcr die unauff\u00e4llige Reportagefotografie. Nun wird es von Leica neu aufgelegt und \u00fcbertr\u00e4gt die damaligen Attribute ins Zeitalter der digitalen Fotografie. &#160; &#160; Mit dem Leica Summaron-M 1:5,6\/28 mm erweitert [&#8230;]<img loading=\"lazy\" decoding=\"async\" src=\"http:\/\/feeds.feedburner.com\/~r\/fotointern\/~4\/ce4EARRFx94\" height=\"1\" width=\"1\" alt=\"\"\/> <\/p>\n","protected":false},"author":1,"featured_media":0,"comment_status":"open","ping_status":"closed","sticky":false,"template":"","format":"standard","meta":{"_exactmetrics_skip_tracking":false,"_exactmetrics_sitenote_active":false,"_exactmetrics_sitenote_note":"","_exactmetrics_sitenote_category":0,"footnotes":""},"categories":[9],"tags":[],"class_list":["post-1564","post","type-post","status-publish","format-standard","hentry","category-foto-news-extern"],"_links":{"self":[{"href":"https:\/\/waelty.ch\/cm\/index.php?rest_route=\/wp\/v2\/posts\/1564","targetHints":{"allow":["GET"]}}],"collection":[{"href":"https:\/\/waelty.ch\/cm\/index.php?rest_route=\/wp\/v2\/posts"}],"about":[{"href":"https:\/\/waelty.ch\/cm\/index.php?rest_route=\/wp\/v2\/types\/post"}],"author":[{"embeddable":true,"href":"https:\/\/waelty.ch\/cm\/index.php?rest_route=\/wp\/v2\/users\/1"}],"replies":[{"embeddable":true,"href":"https:\/\/waelty.ch\/cm\/index.php?rest_route=%2Fwp%2Fv2%2Fcomments&post=1564"}],"version-history":[{"count":0,"href":"https:\/\/waelty.ch\/cm\/index.php?rest_route=\/wp\/v2\/posts\/1564\/revisions"}],"wp:attachment":[{"href":"https:\/\/waelty.ch\/cm\/index.php?rest_route=%2Fwp%2Fv2%2Fmedia&parent=1564"}],"wp:term":[{"taxonomy":"category","embeddable":true,"href":"https:\/\/waelty.ch\/cm\/index.php?rest_route=%2Fwp%2Fv2%2Fcategories&post=1564"},{"taxonomy":"post_tag","embeddable":true,"href":"https:\/\/waelty.ch\/cm\/index.php?rest_route=%2Fwp%2Fv2%2Ftags&post=1564"}],"curies":[{"name":"wp","href":"https:\/\/api.w.org\/{rel}","templated":true}]}}