{"id":1552,"date":"2016-10-17T10:00:02","date_gmt":"2016-10-17T08:00:02","guid":{"rendered":"http:\/\/www.fotointern.ch\/?p=130802"},"modified":"2016-10-17T10:00:02","modified_gmt":"2016-10-17T08:00:02","slug":"benq-gl2706pq-neues-display-reaktionsschnell-und-augenschonend","status":"publish","type":"post","link":"http:\/\/feedproxy.google.com\/~r\/fotointern\/~3\/PjKCl83wrdI\/","title":{"rendered":"BenQ GL2706PQ: Neues Display \u2013 Reaktionsschnell und augenschonend"},"content":{"rendered":"<p>BenQ bringt mit das 27 Zoll-Display GL2706PQ auf den Markt, das mit WQHD-Aufl\u00f6sung (2560 x 1440 Pixel) im 16:9 Format, einem Kontrastverh\u00e4ltnis von 12 Mio.:1 und einer schnelle Reaktionszeit von nur 1ms (GtG) f\u00fcr den Einsatz im B\u00fcro und f\u00fcr den anspruchsvollen Anwender Zuhause geeignet ist. Er ist ab sofort zum Preis von CHF 399.\u2013 [&#8230;]<img loading=\"lazy\" decoding=\"async\" src=\"http:\/\/feeds.feedburner.com\/~r\/fotointern\/~4\/PjKCl83wrdI\" height=\"1\" width=\"1\" alt=\"\"\/> <\/p>\n","protected":false},"excerpt":{"rendered":"<p>BenQ bringt mit das 27 Zoll-Display GL2706PQ auf den Markt, das mit WQHD-Aufl\u00f6sung (2560 x 1440 Pixel) im 16:9 Format, einem Kontrastverh\u00e4ltnis von 12 Mio.:1 und einer schnelle Reaktionszeit von nur 1ms (GtG) f\u00fcr den Einsatz im B\u00fcro und f\u00fcr den anspruchsvollen Anwender Zuhause geeignet ist. Er ist ab sofort zum Preis von CHF 399.\u2013 [&#8230;]<img loading=\"lazy\" decoding=\"async\" src=\"http:\/\/feeds.feedburner.com\/~r\/fotointern\/~4\/PjKCl83wrdI\" height=\"1\" width=\"1\" alt=\"\"\/> <\/p>\n","protected":false},"author":1,"featured_media":0,"comment_status":"open","ping_status":"closed","sticky":false,"template":"","format":"standard","meta":{"_exactmetrics_skip_tracking":false,"_exactmetrics_sitenote_active":false,"_exactmetrics_sitenote_note":"","_exactmetrics_sitenote_category":0,"footnotes":""},"categories":[9],"tags":[],"class_list":["post-1552","post","type-post","status-publish","format-standard","hentry","category-foto-news-extern"],"_links":{"self":[{"href":"https:\/\/waelty.ch\/cm\/index.php?rest_route=\/wp\/v2\/posts\/1552","targetHints":{"allow":["GET"]}}],"collection":[{"href":"https:\/\/waelty.ch\/cm\/index.php?rest_route=\/wp\/v2\/posts"}],"about":[{"href":"https:\/\/waelty.ch\/cm\/index.php?rest_route=\/wp\/v2\/types\/post"}],"author":[{"embeddable":true,"href":"https:\/\/waelty.ch\/cm\/index.php?rest_route=\/wp\/v2\/users\/1"}],"replies":[{"embeddable":true,"href":"https:\/\/waelty.ch\/cm\/index.php?rest_route=%2Fwp%2Fv2%2Fcomments&post=1552"}],"version-history":[{"count":0,"href":"https:\/\/waelty.ch\/cm\/index.php?rest_route=\/wp\/v2\/posts\/1552\/revisions"}],"wp:attachment":[{"href":"https:\/\/waelty.ch\/cm\/index.php?rest_route=%2Fwp%2Fv2%2Fmedia&parent=1552"}],"wp:term":[{"taxonomy":"category","embeddable":true,"href":"https:\/\/waelty.ch\/cm\/index.php?rest_route=%2Fwp%2Fv2%2Fcategories&post=1552"},{"taxonomy":"post_tag","embeddable":true,"href":"https:\/\/waelty.ch\/cm\/index.php?rest_route=%2Fwp%2Fv2%2Ftags&post=1552"}],"curies":[{"name":"wp","href":"https:\/\/api.w.org\/{rel}","templated":true}]}}