{"id":1548,"date":"2016-10-16T07:00:50","date_gmt":"2016-10-16T05:00:50","guid":{"rendered":"http:\/\/www.fotointern.ch\/?p=130785"},"modified":"2016-10-16T07:00:50","modified_gmt":"2016-10-16T05:00:50","slug":"red-bull-illume-2016-das-sind-die-gewinnerbilder","status":"publish","type":"post","link":"http:\/\/feedproxy.google.com\/~r\/fotointern\/~3\/GBY66Kq2cGI\/","title":{"rendered":"Red Bull Illume 2016: Das sind die Gewinnerbilder"},"content":{"rendered":"<p>Red Bull Illume ist der weltweit gr\u00f6sste Wettbewerbs f\u00fcr Action und Adventure Sportfotografie. \u00dcber 5&#8217;645 Fotografen aus 120 L\u00e4ndern haben die Rekordzahl von 34&#8217;624 Bildern eingerecht. Jetzt stehen die Gewinner fest \u2013 hier sind ihre Bilder. &#160; Die besten Action und Adventure Sportfotografen aus der ganzen Welt wurden am 28. September in Chicago gefeiert. Der [&#8230;]<img loading=\"lazy\" decoding=\"async\" src=\"http:\/\/feeds.feedburner.com\/~r\/fotointern\/~4\/GBY66Kq2cGI\" height=\"1\" width=\"1\" alt=\"\"\/> <\/p>\n","protected":false},"excerpt":{"rendered":"<p>Red Bull Illume ist der weltweit gr\u00f6sste Wettbewerbs f\u00fcr Action und Adventure Sportfotografie. \u00dcber 5&#8217;645 Fotografen aus 120 L\u00e4ndern haben die Rekordzahl von 34&#8217;624 Bildern eingerecht. Jetzt stehen die Gewinner fest \u2013 hier sind ihre Bilder. &#160; Die besten Action und Adventure Sportfotografen aus der ganzen Welt wurden am 28. September in Chicago gefeiert. Der [&#8230;]<img loading=\"lazy\" decoding=\"async\" src=\"http:\/\/feeds.feedburner.com\/~r\/fotointern\/~4\/GBY66Kq2cGI\" height=\"1\" width=\"1\" alt=\"\"\/> <\/p>\n","protected":false},"author":1,"featured_media":0,"comment_status":"open","ping_status":"closed","sticky":false,"template":"","format":"standard","meta":{"_exactmetrics_skip_tracking":false,"_exactmetrics_sitenote_active":false,"_exactmetrics_sitenote_note":"","_exactmetrics_sitenote_category":0,"footnotes":""},"categories":[9],"tags":[],"class_list":["post-1548","post","type-post","status-publish","format-standard","hentry","category-foto-news-extern"],"_links":{"self":[{"href":"https:\/\/waelty.ch\/cm\/index.php?rest_route=\/wp\/v2\/posts\/1548","targetHints":{"allow":["GET"]}}],"collection":[{"href":"https:\/\/waelty.ch\/cm\/index.php?rest_route=\/wp\/v2\/posts"}],"about":[{"href":"https:\/\/waelty.ch\/cm\/index.php?rest_route=\/wp\/v2\/types\/post"}],"author":[{"embeddable":true,"href":"https:\/\/waelty.ch\/cm\/index.php?rest_route=\/wp\/v2\/users\/1"}],"replies":[{"embeddable":true,"href":"https:\/\/waelty.ch\/cm\/index.php?rest_route=%2Fwp%2Fv2%2Fcomments&post=1548"}],"version-history":[{"count":0,"href":"https:\/\/waelty.ch\/cm\/index.php?rest_route=\/wp\/v2\/posts\/1548\/revisions"}],"wp:attachment":[{"href":"https:\/\/waelty.ch\/cm\/index.php?rest_route=%2Fwp%2Fv2%2Fmedia&parent=1548"}],"wp:term":[{"taxonomy":"category","embeddable":true,"href":"https:\/\/waelty.ch\/cm\/index.php?rest_route=%2Fwp%2Fv2%2Fcategories&post=1548"},{"taxonomy":"post_tag","embeddable":true,"href":"https:\/\/waelty.ch\/cm\/index.php?rest_route=%2Fwp%2Fv2%2Ftags&post=1548"}],"curies":[{"name":"wp","href":"https:\/\/api.w.org\/{rel}","templated":true}]}}