{"id":1545,"date":"2016-10-15T09:27:54","date_gmt":"2016-10-15T07:27:54","guid":{"rendered":"http:\/\/www.fotointern.ch\/?p=130764"},"modified":"2016-10-15T09:27:54","modified_gmt":"2016-10-15T07:27:54","slug":"buchtipp-appenzeller-welten-4154-km%c2%b2-im-universum","status":"publish","type":"post","link":"http:\/\/feedproxy.google.com\/~r\/fotointern\/~3\/p0wLmy_M_lc\/","title":{"rendered":"Buchtipp: \u00abAppenzeller Welten \u2013 415,4 km\u00b2 im Universum\u00bb"},"content":{"rendered":"<p>Fotograf M\u00e4ddel Fuchs und Historiker Albert Tanner haben ein Buch \u00fcber das Appenzell herausgebracht, das neben einem grossen und vielf\u00e4ltigen Bildteil mit Kurzbiografien und Abhandlungen \u00fcber die Kulturen und Geschichte die Region zwischen Bodensee und Alpstein aus allen Perspektiven dokumentiert. Mehr als nur Bildband, sondern ein Gesamtwerk f\u00fcr Appenzell-Liebhaber. &#160; Dies ist kein eigentliches Fotobuch. [&#8230;]<img loading=\"lazy\" decoding=\"async\" src=\"http:\/\/feeds.feedburner.com\/~r\/fotointern\/~4\/p0wLmy_M_lc\" height=\"1\" width=\"1\" alt=\"\"\/> <\/p>\n","protected":false},"excerpt":{"rendered":"<p>Fotograf M\u00e4ddel Fuchs und Historiker Albert Tanner haben ein Buch \u00fcber das Appenzell herausgebracht, das neben einem grossen und vielf\u00e4ltigen Bildteil mit Kurzbiografien und Abhandlungen \u00fcber die Kulturen und Geschichte die Region zwischen Bodensee und Alpstein aus allen Perspektiven dokumentiert. Mehr als nur Bildband, sondern ein Gesamtwerk f\u00fcr Appenzell-Liebhaber. &#160; Dies ist kein eigentliches Fotobuch. [&#8230;]<img loading=\"lazy\" decoding=\"async\" src=\"http:\/\/feeds.feedburner.com\/~r\/fotointern\/~4\/p0wLmy_M_lc\" height=\"1\" width=\"1\" alt=\"\"\/> <\/p>\n","protected":false},"author":1,"featured_media":0,"comment_status":"open","ping_status":"closed","sticky":false,"template":"","format":"standard","meta":{"_exactmetrics_skip_tracking":false,"_exactmetrics_sitenote_active":false,"_exactmetrics_sitenote_note":"","_exactmetrics_sitenote_category":0,"footnotes":""},"categories":[9],"tags":[],"class_list":["post-1545","post","type-post","status-publish","format-standard","hentry","category-foto-news-extern"],"_links":{"self":[{"href":"https:\/\/waelty.ch\/cm\/index.php?rest_route=\/wp\/v2\/posts\/1545","targetHints":{"allow":["GET"]}}],"collection":[{"href":"https:\/\/waelty.ch\/cm\/index.php?rest_route=\/wp\/v2\/posts"}],"about":[{"href":"https:\/\/waelty.ch\/cm\/index.php?rest_route=\/wp\/v2\/types\/post"}],"author":[{"embeddable":true,"href":"https:\/\/waelty.ch\/cm\/index.php?rest_route=\/wp\/v2\/users\/1"}],"replies":[{"embeddable":true,"href":"https:\/\/waelty.ch\/cm\/index.php?rest_route=%2Fwp%2Fv2%2Fcomments&post=1545"}],"version-history":[{"count":0,"href":"https:\/\/waelty.ch\/cm\/index.php?rest_route=\/wp\/v2\/posts\/1545\/revisions"}],"wp:attachment":[{"href":"https:\/\/waelty.ch\/cm\/index.php?rest_route=%2Fwp%2Fv2%2Fmedia&parent=1545"}],"wp:term":[{"taxonomy":"category","embeddable":true,"href":"https:\/\/waelty.ch\/cm\/index.php?rest_route=%2Fwp%2Fv2%2Fcategories&post=1545"},{"taxonomy":"post_tag","embeddable":true,"href":"https:\/\/waelty.ch\/cm\/index.php?rest_route=%2Fwp%2Fv2%2Ftags&post=1545"}],"curies":[{"name":"wp","href":"https:\/\/api.w.org\/{rel}","templated":true}]}}