{"id":1541,"date":"2016-10-14T11:00:43","date_gmt":"2016-10-14T09:00:43","guid":{"rendered":"http:\/\/www.fotointern.ch\/?p=130076"},"modified":"2016-10-14T11:00:43","modified_gmt":"2016-10-14T09:00:43","slug":"lumu-power-iphone-wird-als-belichtungsmesser-noch-universeller","status":"publish","type":"post","link":"http:\/\/feedproxy.google.com\/~r\/fotointern\/~3\/-fa3itriRQU\/","title":{"rendered":"Lumu Power \u2013 iPhone wird als Belichtungsmesser noch universeller"},"content":{"rendered":"<p>Lumu Lite, die Belichtungsmesskalotte bis iPhone 6, gibt es schon l\u00e4nger im Markt (Fotointern berichtete). \u00a0Jetzt f\u00fcr nur 99 Dollar, weil demn\u00e4chst das Lumu Power auf den Markt kommt. Die neue Lumu Power Messkalotte ist mit dem Lightening-Stecker f\u00fcr das iPhone 7 versehen und bietet noch mehr mehr Funktionen. Es ist ab November 2016 Lieferbar [&#8230;]<img loading=\"lazy\" decoding=\"async\" src=\"http:\/\/feeds.feedburner.com\/~r\/fotointern\/~4\/-fa3itriRQU\" height=\"1\" width=\"1\" alt=\"\"\/> <\/p>\n","protected":false},"excerpt":{"rendered":"<p>Lumu Lite, die Belichtungsmesskalotte bis iPhone 6, gibt es schon l\u00e4nger im Markt (Fotointern berichtete). \u00a0Jetzt f\u00fcr nur 99 Dollar, weil demn\u00e4chst das Lumu Power auf den Markt kommt. Die neue Lumu Power Messkalotte ist mit dem Lightening-Stecker f\u00fcr das iPhone 7 versehen und bietet noch mehr mehr Funktionen. Es ist ab November 2016 Lieferbar [&#8230;]<img loading=\"lazy\" decoding=\"async\" src=\"http:\/\/feeds.feedburner.com\/~r\/fotointern\/~4\/-fa3itriRQU\" height=\"1\" width=\"1\" alt=\"\"\/> <\/p>\n","protected":false},"author":1,"featured_media":0,"comment_status":"open","ping_status":"closed","sticky":false,"template":"","format":"standard","meta":{"_exactmetrics_skip_tracking":false,"_exactmetrics_sitenote_active":false,"_exactmetrics_sitenote_note":"","_exactmetrics_sitenote_category":0,"footnotes":""},"categories":[9],"tags":[],"class_list":["post-1541","post","type-post","status-publish","format-standard","hentry","category-foto-news-extern"],"_links":{"self":[{"href":"https:\/\/waelty.ch\/cm\/index.php?rest_route=\/wp\/v2\/posts\/1541","targetHints":{"allow":["GET"]}}],"collection":[{"href":"https:\/\/waelty.ch\/cm\/index.php?rest_route=\/wp\/v2\/posts"}],"about":[{"href":"https:\/\/waelty.ch\/cm\/index.php?rest_route=\/wp\/v2\/types\/post"}],"author":[{"embeddable":true,"href":"https:\/\/waelty.ch\/cm\/index.php?rest_route=\/wp\/v2\/users\/1"}],"replies":[{"embeddable":true,"href":"https:\/\/waelty.ch\/cm\/index.php?rest_route=%2Fwp%2Fv2%2Fcomments&post=1541"}],"version-history":[{"count":0,"href":"https:\/\/waelty.ch\/cm\/index.php?rest_route=\/wp\/v2\/posts\/1541\/revisions"}],"wp:attachment":[{"href":"https:\/\/waelty.ch\/cm\/index.php?rest_route=%2Fwp%2Fv2%2Fmedia&parent=1541"}],"wp:term":[{"taxonomy":"category","embeddable":true,"href":"https:\/\/waelty.ch\/cm\/index.php?rest_route=%2Fwp%2Fv2%2Fcategories&post=1541"},{"taxonomy":"post_tag","embeddable":true,"href":"https:\/\/waelty.ch\/cm\/index.php?rest_route=%2Fwp%2Fv2%2Ftags&post=1541"}],"curies":[{"name":"wp","href":"https:\/\/api.w.org\/{rel}","templated":true}]}}