{"id":1540,"date":"2016-10-14T14:09:24","date_gmt":"2016-10-14T12:09:24","guid":{"rendered":"http:\/\/www.fotointern.ch\/?p=130750"},"modified":"2016-10-14T14:09:24","modified_gmt":"2016-10-14T12:09:24","slug":"sony-erwartet-den-supermond","status":"publish","type":"post","link":"http:\/\/feedproxy.google.com\/~r\/fotointern\/~3\/WH6XdEyMMGE\/","title":{"rendered":"Sony erwartet den Supermond"},"content":{"rendered":"<p>In der Nacht vom Samstag 15. auf Sonntag\u00a016. Oktober 2016 lohnt es sich, fr\u00fch aufzustehen, sofern Sie etwas f\u00fcr Astrofotografie\u00a0\u00fcbrig haben. Dann soll der Mond aussergew\u00f6hnlich nahe an der Erde vorbeiziehen, so dass erstklassige Nachtaufnahmen vom Erdtrabanten gemacht werden k\u00f6nnen. Sony macht daraus eine europaweite Fotoaktion, aus der Fotointern\u00a0die besten Ergebnisse publizieren wird. &#160; Sony [&#8230;]<img loading=\"lazy\" decoding=\"async\" src=\"http:\/\/feeds.feedburner.com\/~r\/fotointern\/~4\/WH6XdEyMMGE\" height=\"1\" width=\"1\" alt=\"\"\/> <\/p>\n","protected":false},"excerpt":{"rendered":"<p>In der Nacht vom Samstag 15. auf Sonntag\u00a016. Oktober 2016 lohnt es sich, fr\u00fch aufzustehen, sofern Sie etwas f\u00fcr Astrofotografie\u00a0\u00fcbrig haben. Dann soll der Mond aussergew\u00f6hnlich nahe an der Erde vorbeiziehen, so dass erstklassige Nachtaufnahmen vom Erdtrabanten gemacht werden k\u00f6nnen. Sony macht daraus eine europaweite Fotoaktion, aus der Fotointern\u00a0die besten Ergebnisse publizieren wird. &#160; Sony [&#8230;]<img loading=\"lazy\" decoding=\"async\" src=\"http:\/\/feeds.feedburner.com\/~r\/fotointern\/~4\/WH6XdEyMMGE\" height=\"1\" width=\"1\" alt=\"\"\/> <\/p>\n","protected":false},"author":1,"featured_media":0,"comment_status":"open","ping_status":"closed","sticky":false,"template":"","format":"standard","meta":{"_exactmetrics_skip_tracking":false,"_exactmetrics_sitenote_active":false,"_exactmetrics_sitenote_note":"","_exactmetrics_sitenote_category":0,"footnotes":""},"categories":[9],"tags":[],"class_list":["post-1540","post","type-post","status-publish","format-standard","hentry","category-foto-news-extern"],"_links":{"self":[{"href":"https:\/\/waelty.ch\/cm\/index.php?rest_route=\/wp\/v2\/posts\/1540","targetHints":{"allow":["GET"]}}],"collection":[{"href":"https:\/\/waelty.ch\/cm\/index.php?rest_route=\/wp\/v2\/posts"}],"about":[{"href":"https:\/\/waelty.ch\/cm\/index.php?rest_route=\/wp\/v2\/types\/post"}],"author":[{"embeddable":true,"href":"https:\/\/waelty.ch\/cm\/index.php?rest_route=\/wp\/v2\/users\/1"}],"replies":[{"embeddable":true,"href":"https:\/\/waelty.ch\/cm\/index.php?rest_route=%2Fwp%2Fv2%2Fcomments&post=1540"}],"version-history":[{"count":0,"href":"https:\/\/waelty.ch\/cm\/index.php?rest_route=\/wp\/v2\/posts\/1540\/revisions"}],"wp:attachment":[{"href":"https:\/\/waelty.ch\/cm\/index.php?rest_route=%2Fwp%2Fv2%2Fmedia&parent=1540"}],"wp:term":[{"taxonomy":"category","embeddable":true,"href":"https:\/\/waelty.ch\/cm\/index.php?rest_route=%2Fwp%2Fv2%2Fcategories&post=1540"},{"taxonomy":"post_tag","embeddable":true,"href":"https:\/\/waelty.ch\/cm\/index.php?rest_route=%2Fwp%2Fv2%2Ftags&post=1540"}],"curies":[{"name":"wp","href":"https:\/\/api.w.org\/{rel}","templated":true}]}}